{"id":10002,"date":"2020-06-03T08:55:40","date_gmt":"2020-06-03T06:55:40","guid":{"rendered":"http:\/\/projectes.xtec.cat\/pfi\/?p=10002"},"modified":"2020-06-04T09:03:23","modified_gmt":"2020-06-04T07:03:23","slug":"preinscripcions-pfi","status":"publish","type":"post","link":"https:\/\/projectes.xtec.cat\/pfi\/portada\/preinscripcions-pfi\/","title":{"rendered":"PFI INS ELS ALFACS: RECORDATORI DE CALENDARIS PER A PREINSCRIPCIONS"},"content":{"rendered":"<div>\n<div>Bones a tothom,<\/div>\n<div><\/div>\n<div>Us deixo un recordatori de dates\/calendaris per a preinscripcions, teniu un calendari en excel i pdf per a imprimir i teniu un video on s&#8217;expliquen les diferents dates a aquest drive:<\/div>\n<div><a href=\"https:\/\/drive.google.com\/open?id=1QDAHbNIO8J9C_nwzsfoAoSb4dnmT1B5V\" target=\"_blank\" rel=\"noopener noreferrer\" data-saferedirecturl=\"https:\/\/www.google.com\/url?q=https:\/\/drive.google.com\/open?id%3D1QDAHbNIO8J9C_nwzsfoAoSb4dnmT1B5V&amp;source=gmail&amp;ust=1591214976325000&amp;usg=AFQjCNFFPgh9kDORCa4TWbBec9EH7Ula1A\">https:\/\/drive.google.com\/open?id=1QDAHbNIO8J9C_nwzsfoAoSb4dnmT1B5V<\/a><\/div>\n<div class=\"yj6qo ajU\">\n<div id=\":57\" class=\"ajR\" tabindex=\"0\" role=\"button\" aria-label=\"Amaga el contingut ampliat\" data-tooltip=\"Amaga el contingut ampliat\"><img decoding=\"async\" class=\"ajT\" src=\"https:\/\/ssl.gstatic.com\/ui\/v1\/icons\/mail\/images\/cleardot.gif\" \/><\/div>\n<\/div>\n<div class=\"adL\">\n<div class=\"adm\"><\/div>\n<div class=\"im\">\n<div><\/div>\n<div><\/div>\n<div><b>Molt important:<br \/>\n<\/b><\/div>\n<ol>\n<li>L&#8217;alumnat que ara est\u00e0 fent el PFI <b>us podeu preinscriure a Cicles independentment de no saber la nota final. Tant si teniu que fer Prova d&#8217;Acc\u00e9s a Cicles, com si no.<\/b><\/li>\n<li><b>Us podeu, i es recomana, preinscriure a m\u00e9s d&#8217;un cicle<\/b>, <b>o a m\u00e9s d&#8217;un PFI<\/b> per si teniu diferents prefer\u00e8ncies, o per si no hi han places per al curs que ve.<\/li>\n<li>Esteu atents a les webs corresponents, <b>amb aquesta situaci\u00f3 del COVID-19 poden canviar dates.<\/b><\/li>\n<\/ol>\n<div><\/div>\n<div><\/div>\n<div><u><b>1.- Alumnat que el pr\u00f2xim curs vol ACCEDIR a fer un PFI. <\/b><\/u><\/div>\n<div>Preinscripci\u00f3 fins al 5 de juny<\/div>\n<div><b>Calendari <\/b>de preinscripcions i matr\u00edcules:<\/div>\n<blockquote class=\"gmail_quote\">\n<div><a href=\"http:\/\/queestudiar.gencat.cat\/es\/preinscripcio\/estudis\/pfi\/calendari\/\" target=\"_blank\" rel=\"noopener noreferrer\" data-saferedirecturl=\"https:\/\/www.google.com\/url?q=http:\/\/queestudiar.gencat.cat\/es\/preinscripcio\/estudis\/pfi\/calendari\/&amp;source=gmail&amp;ust=1591214976325000&amp;usg=AFQjCNFbDME3cwhNGOmcKHRUxdfrQTbTLA\">http:\/\/queestudiar.gencat.cat\/es\/preinscripcio\/estudis\/pfi\/calendari\/<\/a><\/div>\n<\/blockquote>\n<div><b>Aplicaci\u00f3 per a tr\u00e0mit online aqu\u00ed<\/b>:<\/div>\n<blockquote class=\"gmail_quote\">\n<div><a href=\"http:\/\/ensenyament.gencat.cat\/es\/tramits\/tramits-temes\/9404-programes-formacio-insercio?category=74447ed8-a82c-11e3-a972-000c29052e2c\" target=\"_blank\" rel=\"noopener noreferrer\" data-saferedirecturl=\"https:\/\/www.google.com\/url?q=http:\/\/ensenyament.gencat.cat\/es\/tramits\/tramits-temes\/9404-programes-formacio-insercio?category%3D74447ed8-a82c-11e3-a972-000c29052e2c&amp;source=gmail&amp;ust=1591214976325000&amp;usg=AFQjCNHBS940s8GZh-Hme3ACiDm0q5ZF2A\">http:\/\/ensenyament.gencat.cat\/es\/tramits\/tramits-temes\/9404-programes-formacio-insercio?category=74447ed8-a82c-11e3-a972-000c29052e2c<\/a><\/div>\n<\/blockquote>\n<div><\/div>\n<div><\/div>\n<div><\/div>\n<div><u><b>2.- Alumnat que ha fet preinscripci\u00f3 i opta a les Proves d&#8217;Acc\u00e9s:<\/b><\/u><\/div>\n<div><\/div>\n<div>Llista d&#8217;admesos i exclosos a la prova:\u00a0 <b>a partir del 5 de juny.<\/b><\/div>\n<div>Prova d&#8217;acc\u00e9s a Cicles de Grau Mitj\u00e0: <b>dia 25 de juny al centre on heu fet matr\u00edcula.<\/b><\/div>\n<div><b>Calendari:<\/b><\/div>\n<blockquote class=\"gmail_quote\">\n<div><a href=\"http:\/\/ensenyament.gencat.cat\/ca\/serveis-tramits\/proves\/proves-acces\/gm-fp\/calendari\/\" target=\"_blank\" rel=\"noopener noreferrer\" data-saferedirecturl=\"https:\/\/www.google.com\/url?q=http:\/\/ensenyament.gencat.cat\/ca\/serveis-tramits\/proves\/proves-acces\/gm-fp\/calendari\/&amp;source=gmail&amp;ust=1591214976325000&amp;usg=AFQjCNGDyO9rS1xSdBCkqGtHE2ctjI9gxg\">http:\/\/ensenyament.gencat.cat\/ca\/serveis-tramits\/proves\/proves-acces\/gm-fp\/calendari\/<\/a><\/div>\n<\/blockquote>\n<div><\/div>\n<div><b>Resta d&#8217;informaci\u00f3 a Proves d&#8217;acc\u00e9s<\/b> a Cicles Mitjans:<\/div>\n<blockquote class=\"gmail_quote\">\n<div><a href=\"http:\/\/ensenyament.gencat.cat\/ca\/serveis-tramits\/proves\/proves-acces\/gm-fp\/\" target=\"_blank\" rel=\"noopener noreferrer\" data-saferedirecturl=\"https:\/\/www.google.com\/url?q=http:\/\/ensenyament.gencat.cat\/ca\/serveis-tramits\/proves\/proves-acces\/gm-fp\/&amp;source=gmail&amp;ust=1591214976325000&amp;usg=AFQjCNFAArBPgpNseKayq-ERQbjDfV_zbg\">http:\/\/ensenyament.gencat.cat\/ca\/serveis-tramits\/proves\/proves-acces\/gm-fp\/ <\/a><\/div>\n<\/blockquote>\n<div><\/div>\n<div><\/div>\n<div><\/div>\n<div><u>\u00a0<\/u><\/div>\n<div><u><b>3.- Alumnat que el curs que ve vol ACCEDIR a CICLES FORMATIUS DE GRAU MITJ\u00c0.<\/b><\/u><\/div>\n<div>Preinscripci\u00f3 (obligat\u00f2ria) del 2 al 8 de juny.<\/div>\n<p><b>Calendari <\/b>de preinscripcions i matricules:<\/p>\n<\/div>\n<\/div>\n<\/div>\n<div class=\"adL\">\n<div class=\"im\">\n<blockquote class=\"gmail_quote\"><p><a href=\"http:\/\/queestudiar.gencat.cat\/es\/preinscripcio\/estudis\/fp-gm\/calendari\/\" target=\"_blank\" rel=\"noopener noreferrer\" data-saferedirecturl=\"https:\/\/www.google.com\/url?q=http:\/\/queestudiar.gencat.cat\/es\/preinscripcio\/estudis\/fp-gm\/calendari\/&amp;source=gmail&amp;ust=1591214976325000&amp;usg=AFQjCNG1CTGz2IOL_VlEKGEhBkmxpslmcA\">http:\/\/queestudiar.gencat.cat\/es\/preinscripcio\/estudis\/fp-gm\/calendari\/<\/a><\/p><\/blockquote>\n<div><\/div>\n<div>\n<p><b>Aplicaci\u00f3 per a tr\u00e0mit online aqu\u00ed <\/b>: (fins al dia 2 de juny no funcionar\u00e0)<\/p>\n<blockquote class=\"gmail_quote\"><p><a href=\"http:\/\/ensenyament.gencat.cat\/es\/tramits\/tramits-temes\/9420-FP-grau-mitja?category=74447ed8-a82c-11e3-a972-000c29052e2c\" target=\"_blank\" rel=\"noopener noreferrer\" data-saferedirecturl=\"https:\/\/www.google.com\/url?q=http:\/\/ensenyament.gencat.cat\/es\/tramits\/tramits-temes\/9420-FP-grau-mitja?category%3D74447ed8-a82c-11e3-a972-000c29052e2c&amp;source=gmail&amp;ust=1591214976325000&amp;usg=AFQjCNGQK9lmiVzIMAH7Z9Ue6K1Ay9jRsA\">http:\/\/ensenyament.gencat.cat\/es\/tramits\/tramits-temes\/9420-FP-grau-mitja?category=74447ed8-a82c-11e3-a972-000c29052e2c<\/a><\/p><\/blockquote>\n<div><\/div>\n<\/div>\n<div><\/div>\n<div>\n<div>\n<div>\n<div>Per si voleu indagar m\u00e9s, est\u00e0 tot a aquesta web:<\/div>\n<div><a href=\"http:\/\/queestudiar.gencat.cat\/es\/preinscripcio\/estudis\/\" target=\"_blank\" rel=\"noopener noreferrer\" data-saferedirecturl=\"https:\/\/www.google.com\/url?q=http:\/\/queestudiar.gencat.cat\/es\/preinscripcio\/estudis\/&amp;source=gmail&amp;ust=1591214976325000&amp;usg=AFQjCNG8ihEHApBTaxs8itIP5sYfGzi2oA\"><b>http:\/\/queestudiar.gencat.cat\/es\/preinscripcio\/estudis\/<\/b><\/a><\/div>\n<\/div>\n<p>&nbsp;<\/p>\n<p>#pfiCAT #impulsFP<\/p>\n<div>\n<div dir=\"ltr\" data-smartmail=\"gmail_signature\">\n<div dir=\"ltr\">\n<div>\n<div dir=\"ltr\">\n<div>\n<div dir=\"ltr\">\n<div>\n<div dir=\"ltr\">\n<div><b><span style=\"font-size: xx-small;\">Salutacions,<\/span><\/b><\/div>\n<div><b><span style=\"font-size: xx-small;\">M.Palatsi<\/span><\/b><\/div>\n<div><b><span style=\"font-size: xx-small;\">Tutor PFI embarcacions<br \/>\n<\/span><\/b><\/div>\n<div><b><span style=\"font-size: xx-small;\">Ins Alfacs<\/span><\/b><\/div>\n<\/div>\n<\/div>\n<\/div>\n<\/div>\n<\/div>\n<\/div>\n<\/div>\n<\/div>\n<\/div>\n<\/div>\n<\/div>\n<\/div>\n<\/div>\n","protected":false},"excerpt":{"rendered":"<p>Bones a tothom,<\/p>\n<p>Us deixo un recordatori de dates\/calendaris per a preinscripcions, teniu un calendari en excel i pdf per a imprimir i teniu un video on s&#8217;expliquen les diferents dates a aquest drive:<br \/>\n<a href=\"https:\/\/drive.google.com\/open?id=1QDAHbNIO8J9C_nwzsfoAoSb4dnmT1B5V\" target=\"_blank\" rel=\"noopener noreferrer\" data-saferedirecturl=\"https:\/\/www.google.com\/url?q=https:\/\/drive.google.com\/open?id%3D1QDAHbNIO8J9C_nwzsfoAoSb4dnmT1B5V&amp;source=gmail&amp;ust=1591214976325000&amp;usg=AFQjCNFFPgh9kDORCa4TWbBec9EH7Ula1A\">https:\/\/drive.google.com\/open?id=1QDAHbNIO8J9C_nwzsfoAoSb4dnmT1B5V<\/a><\/p>\n<p>Molt important:<\/p>\n<ol>\n<li>L&#8217;alumnat que ara est\u00e0 fent el PFI&hellip;  <a href=\"https:\/\/projectes.xtec.cat\/pfi\/portada\/preinscripcions-pfi\/\" title=\"Read PFI INS ELS ALFACS: RECORDATORI DE CALENDARIS PER A PREINSCRIPCIONS\">Llegeix m\u00e9s\u00bb<\/a><br \/>\n","protected":false},"author":93,"featured_media":10013,"comment_status":"open","ping_status":"closed","sticky":false,"template":"","format":"standard","meta":{"_bbp_topic_count":0,"_bbp_reply_count":0,"_bbp_total_topic_count":0,"_bbp_total_reply_count":0,"_bbp_voice_count":0,"_bbp_anonymous_reply_count":0,"_bbp_topic_count_hidden":0,"_bbp_reply_count_hidden":0,"_bbp_forum_subforum_count":0,"footnotes":""},"categories":[29,76],"tags":[],"class_list":["post-10002","post","type-post","status-publish","format-standard","has-post-thumbnail","hentry","category-portada","category-recursos"],"post_mailing_queue_ids":[],"_links":{"self":[{"href":"https:\/\/projectes.xtec.cat\/pfi\/wp-json\/wp\/v2\/posts\/10002","targetHints":{"allow":["GET"]}}],"collection":[{"href":"https:\/\/projectes.xtec.cat\/pfi\/wp-json\/wp\/v2\/posts"}],"about":[{"href":"https:\/\/projectes.xtec.cat\/pfi\/wp-json\/wp\/v2\/types\/post"}],"author":[{"embeddable":true,"href":"https:\/\/projectes.xtec.cat\/pfi\/wp-json\/wp\/v2\/users\/93"}],"replies":[{"embeddable":true,"href":"https:\/\/projectes.xtec.cat\/pfi\/wp-json\/wp\/v2\/comments?post=10002"}],"version-history":[{"count":4,"href":"https:\/\/projectes.xtec.cat\/pfi\/wp-json\/wp\/v2\/posts\/10002\/revisions"}],"predecessor-version":[{"id":10034,"href":"https:\/\/projectes.xtec.cat\/pfi\/wp-json\/wp\/v2\/posts\/10002\/revisions\/10034"}],"wp:featuredmedia":[{"embeddable":true,"href":"https:\/\/projectes.xtec.cat\/pfi\/wp-json\/wp\/v2\/media\/10013"}],"wp:attachment":[{"href":"https:\/\/projectes.xtec.cat\/pfi\/wp-json\/wp\/v2\/media?parent=10002"}],"wp:term":[{"taxonomy":"category","embeddable":true,"href":"https:\/\/projectes.xtec.cat\/pfi\/wp-json\/wp\/v2\/categories?post=10002"},{"taxonomy":"post_tag","embeddable":true,"href":"https:\/\/projectes.xtec.cat\/pfi\/wp-json\/wp\/v2\/tags?post=10002"}],"curies":[{"name":"wp","href":"https:\/\/api.w.org\/{rel}","templated":true}]}}