{"id":10041,"date":"2020-06-10T09:28:37","date_gmt":"2020-06-10T07:28:37","guid":{"rendered":"http:\/\/projectes.xtec.cat\/pfi\/?p=10041"},"modified":"2020-06-16T20:18:41","modified_gmt":"2020-06-16T18:18:41","slug":"lexperiencia-docent-a-lfp-basica","status":"publish","type":"post","link":"https:\/\/projectes.xtec.cat\/pfi\/general\/lexperiencia-docent-a-lfp-basica\/","title":{"rendered":"L&#8217;experi\u00e8ncia docent a l&#8217;FP B\u00e0sica"},"content":{"rendered":"<p>Despr\u00e9s de sis cursos fent classe a Formaci\u00f3 Professional B\u00e0sica volia compartir algunes idees i criteris molt pr\u00e0ctics que a mi m&#8217;han servit per estar motivada dins i fora l&#8217;aula i disfrutar al m\u00e0xim amb l&#8217;alumnat passi el que passi.<\/p>\n<p>Aix\u00f2 que escric m&#8217;hagu\u00e9s semblat impensable d&#8217;escriure fa sis anys. Poc a poc, vivint intensament cada minut amb els meus alumnes, escoltant els seus neguits, comprenent per qu\u00e8 eren on eren i fent molta autocr\u00edtica de la meva pr\u00e0ctica docent, he aconseguit gaudir intensament de la seva companyia i dels reptes que em plantegen cada dia. A ells i elles els dono les gr\u00e0cies per haver-me ensenyat pr\u00e0cticament tot el que procuro resumir en aquests v\u00eddeos.<\/p>\n<p><a href=\"https:\/\/projectes.xtec.cat\/pfi\/wp-content\/uploads\/usu1781\/2020\/06\/Foto_Anna-e1592331459233.jpg\"><img loading=\"lazy\" decoding=\"async\" class=\"wp-image-10083 aligncenter\" src=\"https:\/\/projectes.xtec.cat\/pfi\/wp-content\/uploads\/usu1781\/2020\/06\/Foto_Anna-e1592331459233-1024x721.jpg\" alt=\"\" width=\"403\" height=\"284\" srcset=\"https:\/\/projectes.xtec.cat\/pfi\/wp-content\/uploads\/usu1781\/2020\/06\/Foto_Anna-e1592331459233-1024x721.jpg 1024w, https:\/\/projectes.xtec.cat\/pfi\/wp-content\/uploads\/usu1781\/2020\/06\/Foto_Anna-e1592331459233-300x211.jpg 300w, https:\/\/projectes.xtec.cat\/pfi\/wp-content\/uploads\/usu1781\/2020\/06\/Foto_Anna-e1592331459233-768x541.jpg 768w, https:\/\/projectes.xtec.cat\/pfi\/wp-content\/uploads\/usu1781\/2020\/06\/Foto_Anna-e1592331459233.jpg 1071w\" sizes=\"auto, (max-width: 403px) 100vw, 403px\" \/><\/a><\/p>\n<p>Comparteixo dos v\u00eddeos gen\u00e8rics amb algunes reflexions sobre el &#8220;context i l&#8217;alumnat que ens ve a l&#8217;FP B\u00e0sica&#8221; i sobre &#8220;recursos de gesti\u00f3 a l&#8217;aula&#8221;. La idea inicial era fer un trasp\u00e0s telem\u00e0tic a la persona que m&#8217;ha de substituir al centre ja que jo marxo. Despr\u00e9s, vaig pensar que les reflexions tamb\u00e9 podien ser v\u00e0lides per altres persones que es trobin en contextos semblants.<\/p>\n<p>A m\u00e9s dels dos v\u00eddeos gen\u00e8rics, comparteixo tamb\u00e9 una s\u00e8rie de v\u00eddeos amb les mat\u00e8ries que he impartit durant aquest temps. Quin tipus d&#8217;activitats i plantejaments m&#8217;han funcionat millor dins l&#8217;aula per cada mat\u00e8ria.<\/p>\n<p>Els v\u00eddeos de continguts s\u00f3n: angl\u00e8s 1, comunicaci\u00f3 1, societat 1, entorn laboral 1, 2 i 3, angl\u00e8s 2, societat 2 i especialment tutoria 1 i 2.<\/p>\n<p>La Formaci\u00f3 Professional B\u00e0sica ens permet el luxe de con\u00e8ixer i acompanyar aquests nois i noies durant dos anys cabdals de la seva vida. Dos anys seguits, amb moltes hores al seu costat, fan que inevitablement formin part de la nostra vida. \u00c9s per aix\u00f2 que finalment m&#8217;animo a fer d&#8217;altaveu de les seves reflexions i dels meus aprenentatges mitjan\u00e7ant uns v\u00eddeos molt casolans.<\/p>\n<p>Insereixo l&#8217;enlla\u00e7 als v\u00eddeos: <a href=\"https:\/\/drive.google.com\/drive\/folders\/1_aizrgK0_V5-Mxqqh0AX8N2GIR1-ujJr\">https:\/\/drive.google.com\/drive\/folders\/1_aizrgK0_V5-Mxqqh0AX8N2GIR1-ujJr<\/a><\/p>\n<p>Si en algun moment voleu compartir altres experi\u00e8ncies amb mi, estar\u00e9 molt agra\u00efda. El meu mail \u00e9s amasllor@xtec.cat<\/p>\n<p>&nbsp;<\/p>\n","protected":false},"excerpt":{"rendered":"<p>Reflexions sobre la meva experi\u00e8ncia a la Formaci\u00f3 Professional B\u00e0sica. <\/p>\n<p>Comparteixo dos v\u00eddeos gen\u00e8rics amb algunes reflexions sobre el &#8220;context i l&#8217;alumnat que ens ve a l&#8217;FP B\u00e0sica&#8221; i sobre &#8220;recursos de gesti\u00f3 a l&#8217;aula&#8221;. <\/p>\n<p>Els v\u00eddeos de continguts s\u00f3n: angl\u00e8s 1, comunicaci\u00f3 1, societat 1, entorn laboral 1, 2 i 3, angl\u00e8s 2, societat 2 i especialment tutoria 1 i 2.<br \/>\n&hellip;  <a href=\"https:\/\/projectes.xtec.cat\/pfi\/general\/lexperiencia-docent-a-lfp-basica\/\" title=\"Read L&#8217;experi\u00e8ncia docent a l&#8217;FP B\u00e0sica\">Llegeix m\u00e9s\u00bb<\/a><\/p>\n","protected":false},"author":94,"featured_media":10083,"comment_status":"open","ping_status":"closed","sticky":false,"template":"","format":"standard","meta":{"_bbp_topic_count":0,"_bbp_reply_count":0,"_bbp_total_topic_count":0,"_bbp_total_reply_count":0,"_bbp_voice_count":0,"_bbp_anonymous_reply_count":0,"_bbp_topic_count_hidden":0,"_bbp_reply_count_hidden":0,"_bbp_forum_subforum_count":0,"footnotes":""},"categories":[1,29],"tags":[349,348,346,347,300],"class_list":["post-10041","post","type-post","status-publish","format-standard","has-post-thumbnail","hentry","category-general","category-portada","tag-comiat","tag-compartir","tag-experiencies","tag-fpb","tag-recursos"],"post_mailing_queue_ids":[],"_links":{"self":[{"href":"https:\/\/projectes.xtec.cat\/pfi\/wp-json\/wp\/v2\/posts\/10041","targetHints":{"allow":["GET"]}}],"collection":[{"href":"https:\/\/projectes.xtec.cat\/pfi\/wp-json\/wp\/v2\/posts"}],"about":[{"href":"https:\/\/projectes.xtec.cat\/pfi\/wp-json\/wp\/v2\/types\/post"}],"author":[{"embeddable":true,"href":"https:\/\/projectes.xtec.cat\/pfi\/wp-json\/wp\/v2\/users\/94"}],"replies":[{"embeddable":true,"href":"https:\/\/projectes.xtec.cat\/pfi\/wp-json\/wp\/v2\/comments?post=10041"}],"version-history":[{"count":4,"href":"https:\/\/projectes.xtec.cat\/pfi\/wp-json\/wp\/v2\/posts\/10041\/revisions"}],"predecessor-version":[{"id":10084,"href":"https:\/\/projectes.xtec.cat\/pfi\/wp-json\/wp\/v2\/posts\/10041\/revisions\/10084"}],"wp:featuredmedia":[{"embeddable":true,"href":"https:\/\/projectes.xtec.cat\/pfi\/wp-json\/wp\/v2\/media\/10083"}],"wp:attachment":[{"href":"https:\/\/projectes.xtec.cat\/pfi\/wp-json\/wp\/v2\/media?parent=10041"}],"wp:term":[{"taxonomy":"category","embeddable":true,"href":"https:\/\/projectes.xtec.cat\/pfi\/wp-json\/wp\/v2\/categories?post=10041"},{"taxonomy":"post_tag","embeddable":true,"href":"https:\/\/projectes.xtec.cat\/pfi\/wp-json\/wp\/v2\/tags?post=10041"}],"curies":[{"name":"wp","href":"https:\/\/api.w.org\/{rel}","templated":true}]}}