{"id":10185,"date":"2020-09-01T11:22:44","date_gmt":"2020-09-01T09:22:44","guid":{"rendered":"http:\/\/projectes.xtec.cat\/pfi\/?p=10185"},"modified":"2020-12-03T18:13:59","modified_gmt":"2020-12-03T17:13:59","slug":"jornada-pedagogica-pfi","status":"publish","type":"post","link":"https:\/\/projectes.xtec.cat\/pfi\/general\/jornada-pedagogica-pfi\/","title":{"rendered":"Jornada Pedag\u00f2gica PFI i FPB"},"content":{"rendered":"<p><img loading=\"lazy\" decoding=\"async\" class=\"size-medium wp-image-10198 alignleft\" src=\"https:\/\/projectes.xtec.cat\/pfi\/wp-content\/uploads\/usu1781\/2020\/09\/2020-09-02_094620-300x156.png\" alt=\"\" width=\"300\" height=\"156\" \/><\/p>\n<p>El proper dimecres dia 9 de setembre tindr\u00e0 lloc la Jornada Pedag\u00f2gica PFI i FPB, que enguany ser\u00e0 en format online, mitjan\u00e7ant la plataforma zoom.<\/p>\n<p style=\"text-align: left;\"><a href=\"https:\/\/sites.google.com\/xtec.cat\/jornadapedagogica-pfifpb-20-21\/p%C3%A0gina-dinici?authuser=0\">\u00a0 \u00a0 \u00a0 Programa<\/a><\/p>\n<p style=\"text-align: left;\"><a href=\"https:\/\/aplicacions.gestioeducativa.gencat.cat\/pls\/soloas\/pk_for_mod_ins.p_for_detall_activitat?p_header=Llista%20d%27activitats%5Epk_for_mod_ins.p_for_cons_activitats?p_totes=N%26p_inici=1%26p_excloure_crp_rec=T&amp;p_codi=9000010867&amp;p_curs=2020-2021&amp;p_excloure_crp_rec=T\">\u00a0 \u00a0 \u00a0 Inscripci\u00f3<\/a><\/p>\n<p>La Jornada \u00e9s espec\u00edfica per al professorat que imparteix formaci\u00f3 en els Programes de Formaci\u00f3 i Inserci\u00f3 (PFI) i en la Formaci\u00f3 Professional B\u00e0sica(FPB).<\/p>\n<div class=\"gs\">\n<div class=\"\">\n<div><\/div>\n<div style=\"text-align: center;\">Us esperem a tots i a totes!!<\/div>\n<div style=\"text-align: center;\"><\/div>\n<div><\/div>\n<div class=\"hi\" style=\"text-align: center;\">Molt bon inici de curs!!!!<\/div>\n<\/div>\n<\/div>\n<p>&nbsp;<\/p>\n<p>#jornadaPFIFPB_2021<\/p>\n<p>#pfiCAT #impulsFP<\/p>\n","protected":false},"excerpt":{"rendered":"<p>El proper dimecres dia 9 de setembre tindr\u00e0 lloc la Jornada Pedag\u00f2gica PFI i FPB, que enguany ser\u00e0 en format online, mitjan\u00e7ant la plataforma zoom.<br \/>\n<a href=\"https:\/\/sites.google.com\/xtec.cat\/jornadapedagogica-pfifpb-20-21\/p%C3%A0gina-dinici?authuser=0\">\u00a0 \u00a0 \u00a0 Programa<\/a><br \/>\n<a href=\"https:\/\/aplicacions.gestioeducativa.gencat.cat\/pls\/soloas\/pk_for_mod_ins.p_for_detall_activitat?p_header=Llista%20d%27activitats%5Epk_for_mod_ins.p_for_cons_activitats?p_totes=N%26p_inici=1%26p_excloure_crp_rec=T&amp;p_codi=9000010867&amp;p_curs=2020-2021&amp;p_excloure_crp_rec=T\">\u00a0 \u00a0 \u00a0 Inscripci\u00f3<\/a><br \/>\nLa Jornada \u00e9s espec\u00edfica per al professorat que imparteix formaci\u00f3 en els Programes&hellip;  <a href=\"https:\/\/projectes.xtec.cat\/pfi\/general\/jornada-pedagogica-pfi\/\" title=\"Read Jornada Pedag\u00f2gica PFI i FPB\">Llegeix m\u00e9s\u00bb<\/a><\/p>\n","protected":false},"author":1,"featured_media":10198,"comment_status":"open","ping_status":"closed","sticky":false,"template":"","format":"standard","meta":{"_bbp_topic_count":0,"_bbp_reply_count":0,"_bbp_total_topic_count":0,"_bbp_total_reply_count":0,"_bbp_voice_count":0,"_bbp_anonymous_reply_count":0,"_bbp_topic_count_hidden":0,"_bbp_reply_count_hidden":0,"_bbp_forum_subforum_count":0,"footnotes":""},"categories":[1,374,29],"tags":[311,354,288],"class_list":["post-10185","post","type-post","status-publish","format-standard","has-post-thumbnail","hentry","category-general","category-jornades-pedagogiques","category-portada","tag-formacio","tag-jornades","tag-noticies"],"post_mailing_queue_ids":[],"_links":{"self":[{"href":"https:\/\/projectes.xtec.cat\/pfi\/wp-json\/wp\/v2\/posts\/10185","targetHints":{"allow":["GET"]}}],"collection":[{"href":"https:\/\/projectes.xtec.cat\/pfi\/wp-json\/wp\/v2\/posts"}],"about":[{"href":"https:\/\/projectes.xtec.cat\/pfi\/wp-json\/wp\/v2\/types\/post"}],"author":[{"embeddable":true,"href":"https:\/\/projectes.xtec.cat\/pfi\/wp-json\/wp\/v2\/users\/1"}],"replies":[{"embeddable":true,"href":"https:\/\/projectes.xtec.cat\/pfi\/wp-json\/wp\/v2\/comments?post=10185"}],"version-history":[{"count":3,"href":"https:\/\/projectes.xtec.cat\/pfi\/wp-json\/wp\/v2\/posts\/10185\/revisions"}],"predecessor-version":[{"id":10427,"href":"https:\/\/projectes.xtec.cat\/pfi\/wp-json\/wp\/v2\/posts\/10185\/revisions\/10427"}],"wp:featuredmedia":[{"embeddable":true,"href":"https:\/\/projectes.xtec.cat\/pfi\/wp-json\/wp\/v2\/media\/10198"}],"wp:attachment":[{"href":"https:\/\/projectes.xtec.cat\/pfi\/wp-json\/wp\/v2\/media?parent=10185"}],"wp:term":[{"taxonomy":"category","embeddable":true,"href":"https:\/\/projectes.xtec.cat\/pfi\/wp-json\/wp\/v2\/categories?post=10185"},{"taxonomy":"post_tag","embeddable":true,"href":"https:\/\/projectes.xtec.cat\/pfi\/wp-json\/wp\/v2\/tags?post=10185"}],"curies":[{"name":"wp","href":"https:\/\/api.w.org\/{rel}","templated":true}]}}