{"id":10315,"date":"2020-10-13T14:57:20","date_gmt":"2020-10-13T12:57:20","guid":{"rendered":"http:\/\/projectes.xtec.cat\/pfi\/?p=10315"},"modified":"2021-02-23T19:33:03","modified_gmt":"2021-02-23T18:33:03","slug":"resolucio-mesures-urgents-curs-academic-2020-2021","status":"publish","type":"post","link":"https:\/\/projectes.xtec.cat\/pfi\/general\/resolucio-mesures-urgents-curs-academic-2020-2021\/","title":{"rendered":"Resoluci\u00f3 mesures urgents curs acad\u00e8mic 2020-2021"},"content":{"rendered":"<p>Resoluci\u00f3 per la qual s\u2019adopten mesures urgents en l\u2019\u00e0mbit dels ensenyaments de formaci\u00f3 professional inicial i dels ensenyaments de r\u00e8gim especial per al curs acad\u00e8mic 2020-2021. Aquesta resoluci\u00f3 es publicar\u00e0 properament al Portal de centres.<\/p>\n<p><a href=\"https:\/\/drive.google.com\/file\/d\/1ouPEl67ASshm9w01yXWEk7wGiA1CSoXr\/view\">Acc\u00e9s a la resoluci\u00f3<\/a><\/p>\n","protected":false},"excerpt":{"rendered":"<p>Resoluci\u00f3 per la qual s\u2019adopten mesures urgents en l\u2019\u00e0mbit dels ensenyaments de formaci\u00f3 professional inicial i dels ensenyaments de r\u00e8gim especial per al curs acad\u00e8mic 2020-2021. Aquesta resoluci\u00f3 es publicar\u00e0 properament al Portal de centres.<br \/>\n<a href=\"https:\/\/drive.google.com\/file\/d\/1ouPEl67ASshm9w01yXWEk7wGiA1CSoXr\/view\">Acc\u00e9s a la resoluci\u00f3<\/a><\/p>\n","protected":false},"author":1,"featured_media":0,"comment_status":"open","ping_status":"closed","sticky":false,"template":"","format":"standard","meta":{"_bbp_topic_count":0,"_bbp_reply_count":0,"_bbp_total_topic_count":0,"_bbp_total_reply_count":0,"_bbp_voice_count":0,"_bbp_anonymous_reply_count":0,"_bbp_topic_count_hidden":0,"_bbp_reply_count_hidden":0,"_bbp_forum_subforum_count":0,"footnotes":""},"categories":[287,1,29],"tags":[291,293,356,288],"class_list":["post-10315","post","type-post","status-publish","format-standard","hentry","category-comunicats","category-general","category-portada","tag-comunicats","tag-fct","tag-fp","tag-noticies"],"post_mailing_queue_ids":[],"_links":{"self":[{"href":"https:\/\/projectes.xtec.cat\/pfi\/wp-json\/wp\/v2\/posts\/10315","targetHints":{"allow":["GET"]}}],"collection":[{"href":"https:\/\/projectes.xtec.cat\/pfi\/wp-json\/wp\/v2\/posts"}],"about":[{"href":"https:\/\/projectes.xtec.cat\/pfi\/wp-json\/wp\/v2\/types\/post"}],"author":[{"embeddable":true,"href":"https:\/\/projectes.xtec.cat\/pfi\/wp-json\/wp\/v2\/users\/1"}],"replies":[{"embeddable":true,"href":"https:\/\/projectes.xtec.cat\/pfi\/wp-json\/wp\/v2\/comments?post=10315"}],"version-history":[{"count":1,"href":"https:\/\/projectes.xtec.cat\/pfi\/wp-json\/wp\/v2\/posts\/10315\/revisions"}],"predecessor-version":[{"id":10316,"href":"https:\/\/projectes.xtec.cat\/pfi\/wp-json\/wp\/v2\/posts\/10315\/revisions\/10316"}],"wp:attachment":[{"href":"https:\/\/projectes.xtec.cat\/pfi\/wp-json\/wp\/v2\/media?parent=10315"}],"wp:term":[{"taxonomy":"category","embeddable":true,"href":"https:\/\/projectes.xtec.cat\/pfi\/wp-json\/wp\/v2\/categories?post=10315"},{"taxonomy":"post_tag","embeddable":true,"href":"https:\/\/projectes.xtec.cat\/pfi\/wp-json\/wp\/v2\/tags?post=10315"}],"curies":[{"name":"wp","href":"https:\/\/api.w.org\/{rel}","templated":true}]}}