{"id":10527,"date":"2020-12-17T14:45:42","date_gmt":"2020-12-17T13:45:42","guid":{"rendered":"http:\/\/projectes.xtec.cat\/pfi\/?p=10527"},"modified":"2021-02-03T11:38:27","modified_gmt":"2021-02-03T10:38:27","slug":"fira-microprojectes-girona-i-alt-maresme","status":"publish","type":"post","link":"https:\/\/projectes.xtec.cat\/pfi\/general\/fira-microprojectes-girona-i-alt-maresme\/","title":{"rendered":"Fira Microprojectes Girona i Alt Maresme"},"content":{"rendered":"<p><span style=\"font-weight: 400;\">El passat dimecres 16 de desembre va tenir lloc la Fira de Microprojectes de Girona i Alt Maresme, on els alumnes dels diferents PFI -PTT de la zona van compartir i presentar els seus projectes, i experi\u00e8ncies professionals en campanyes solid\u00e0ries, o en activitats pr\u00f2pies del municipi del programa. <\/span><\/p>\n<p><span style=\"font-weight: 400;\">L&#8217;acte es va fer de manera telem\u00e0tica, podreu consultar el programa en el seg\u00fcent sites:<\/span><\/p>\n<p><span style=\"font-weight: 400;\"><a href=\"https:\/\/sites.google.com\/xtec.cat\/firamicroprojectes\/\">https:\/\/sites.google.com\/xtec.cat\/firamicroprojectes\/<\/a><\/span><\/p>\n<p>Molt\u00edssimes felicitats a tots i totes per haver fet de la Fira tot un \u00e8xit! Un espai per compartir, visibilitzar i expressar la magn\u00edfica feina feta des dels centres PFI!<\/p>\n<p>Us deixem amb el v\u00eddeo &#8220;Microprojectes PFI PTT Girona Maresme, que reflexa aquesta bona feina, amb el resum de les experi\u00e8ncies i projectes que es van presentar!!<\/p>\n<p><iframe loading=\"lazy\" src=\"https:\/\/www.youtube.com\/embed\/4oTXALM9z7I\" width=\"560\" height=\"315\" frameborder=\"0\"><\/iframe><\/p>\n<p>#pfiCAT #impulsFP<\/p>\n","protected":false},"excerpt":{"rendered":"<p>El passat dimecres 16 de desembre va tenir lloc la Fira de Microprojectes de Girona i Alt Maresme, on els alumnes dels diferents PFI -PTT de la zona van compartir i presentar els seus projectes, i experi\u00e8ncies professionals en campanyes solid\u00e0ries, o en activitats pr\u00f2pies&hellip;  <a href=\"https:\/\/projectes.xtec.cat\/pfi\/general\/fira-microprojectes-girona-i-alt-maresme\/\" title=\"Read Fira Microprojectes Girona i Alt Maresme\">Llegeix m\u00e9s\u00bb<\/a><\/p>\n","protected":false},"author":1,"featured_media":10529,"comment_status":"open","ping_status":"closed","sticky":false,"template":"","format":"standard","meta":{"_bbp_topic_count":0,"_bbp_reply_count":0,"_bbp_total_topic_count":0,"_bbp_total_reply_count":0,"_bbp_voice_count":0,"_bbp_anonymous_reply_count":0,"_bbp_topic_count_hidden":0,"_bbp_reply_count_hidden":0,"_bbp_forum_subforum_count":0,"footnotes":""},"categories":[1,382,29],"tags":[289,348,346,334,364],"class_list":["post-10527","post","type-post","status-publish","format-standard","has-post-thumbnail","hentry","category-general","category-microprojectes","category-portada","tag-alumnes-pfi","tag-compartir","tag-experiencies","tag-pfi","tag-projectes"],"post_mailing_queue_ids":[],"_links":{"self":[{"href":"https:\/\/projectes.xtec.cat\/pfi\/wp-json\/wp\/v2\/posts\/10527","targetHints":{"allow":["GET"]}}],"collection":[{"href":"https:\/\/projectes.xtec.cat\/pfi\/wp-json\/wp\/v2\/posts"}],"about":[{"href":"https:\/\/projectes.xtec.cat\/pfi\/wp-json\/wp\/v2\/types\/post"}],"author":[{"embeddable":true,"href":"https:\/\/projectes.xtec.cat\/pfi\/wp-json\/wp\/v2\/users\/1"}],"replies":[{"embeddable":true,"href":"https:\/\/projectes.xtec.cat\/pfi\/wp-json\/wp\/v2\/comments?post=10527"}],"version-history":[{"count":1,"href":"https:\/\/projectes.xtec.cat\/pfi\/wp-json\/wp\/v2\/posts\/10527\/revisions"}],"predecessor-version":[{"id":10530,"href":"https:\/\/projectes.xtec.cat\/pfi\/wp-json\/wp\/v2\/posts\/10527\/revisions\/10530"}],"wp:featuredmedia":[{"embeddable":true,"href":"https:\/\/projectes.xtec.cat\/pfi\/wp-json\/wp\/v2\/media\/10529"}],"wp:attachment":[{"href":"https:\/\/projectes.xtec.cat\/pfi\/wp-json\/wp\/v2\/media?parent=10527"}],"wp:term":[{"taxonomy":"category","embeddable":true,"href":"https:\/\/projectes.xtec.cat\/pfi\/wp-json\/wp\/v2\/categories?post=10527"},{"taxonomy":"post_tag","embeddable":true,"href":"https:\/\/projectes.xtec.cat\/pfi\/wp-json\/wp\/v2\/tags?post=10527"}],"curies":[{"name":"wp","href":"https:\/\/api.w.org\/{rel}","templated":true}]}}