{"id":10625,"date":"2020-12-21T15:33:32","date_gmt":"2020-12-21T14:33:32","guid":{"rendered":"http:\/\/projectes.xtec.cat\/pfi\/?p=10625"},"modified":"2020-12-21T15:33:32","modified_gmt":"2020-12-21T14:33:32","slug":"lalumnat-del-ptt-de-vilafranca-ha-guarnit-lespai-jove-pel-nadal","status":"publish","type":"post","link":"https:\/\/projectes.xtec.cat\/pfi\/general\/lalumnat-del-ptt-de-vilafranca-ha-guarnit-lespai-jove-pel-nadal\/","title":{"rendered":"L&#8217;ALUMNAT DEL PTT DE VILAFRANCA HA GUARNIT L\u2019ESPAI JOVE PEL NADAL"},"content":{"rendered":"\n\t\t<style type=\"text\/css\">\n\t\t\t#gallery-1 {\n\t\t\t\tmargin: auto;\n\t\t\t}\n\t\t\t#gallery-1 .gallery-item {\n\t\t\t\tfloat: left;\n\t\t\t\tmargin-top: 10px;\n\t\t\t\ttext-align: center;\n\t\t\t\twidth: 50%;\n\t\t\t}\n\t\t\t#gallery-1 img {\n\t\t\t\tborder: 2px solid #cfcfcf;\n\t\t\t}\n\t\t\t#gallery-1 .gallery-caption {\n\t\t\t\tmargin-left: 0;\n\t\t\t}\n\t\t\t\/* see gallery_shortcode() in wp-includes\/media.php *\/\n\t\t<\/style>\n\t\t<div id='gallery-1' class='gallery galleryid-10625 gallery-columns-2 gallery-size-medium'><dl class='gallery-item'>\n\t\t\t<dt class='gallery-icon portrait'>\n\t\t\t\t<a href='https:\/\/projectes.xtec.cat\/pfi\/general\/lalumnat-del-ptt-de-vilafranca-ha-guarnit-lespai-jove-pel-nadal\/attachment\/vidriera-cervatons\/'><img loading=\"lazy\" decoding=\"async\" width=\"225\" height=\"300\" src=\"https:\/\/projectes.xtec.cat\/pfi\/wp-content\/uploads\/usu1781\/2020\/12\/vidriera-cervatons-225x300.jpg\" class=\"attachment-medium size-medium\" alt=\"\" srcset=\"https:\/\/projectes.xtec.cat\/pfi\/wp-content\/uploads\/usu1781\/2020\/12\/vidriera-cervatons-225x300.jpg 225w, https:\/\/projectes.xtec.cat\/pfi\/wp-content\/uploads\/usu1781\/2020\/12\/vidriera-cervatons-768x1024.jpg 768w, https:\/\/projectes.xtec.cat\/pfi\/wp-content\/uploads\/usu1781\/2020\/12\/vidriera-cervatons.jpg 990w\" sizes=\"auto, (max-width: 225px) 100vw, 225px\" \/><\/a>\n\t\t\t<\/dt><\/dl><dl class='gallery-item'>\n\t\t\t<dt class='gallery-icon portrait'>\n\t\t\t\t<a href='https:\/\/projectes.xtec.cat\/pfi\/general\/lalumnat-del-ptt-de-vilafranca-ha-guarnit-lespai-jove-pel-nadal\/attachment\/vitrina-decorant\/'><img loading=\"lazy\" decoding=\"async\" width=\"197\" height=\"300\" src=\"https:\/\/projectes.xtec.cat\/pfi\/wp-content\/uploads\/usu1781\/2020\/12\/vitrina-decorant-197x300.jpeg\" class=\"attachment-medium size-medium\" alt=\"\" srcset=\"https:\/\/projectes.xtec.cat\/pfi\/wp-content\/uploads\/usu1781\/2020\/12\/vitrina-decorant-197x300.jpeg 197w, https:\/\/projectes.xtec.cat\/pfi\/wp-content\/uploads\/usu1781\/2020\/12\/vitrina-decorant-768x1171.jpeg 768w, https:\/\/projectes.xtec.cat\/pfi\/wp-content\/uploads\/usu1781\/2020\/12\/vitrina-decorant-672x1024.jpeg 672w, https:\/\/projectes.xtec.cat\/pfi\/wp-content\/uploads\/usu1781\/2020\/12\/vitrina-decorant.jpeg 888w\" sizes=\"auto, (max-width: 197px) 100vw, 197px\" \/><\/a>\n\t\t\t<\/dt><\/dl><br style=\"clear: both\" \/><dl class='gallery-item'>\n\t\t\t<dt class='gallery-icon landscape'>\n\t\t\t\t<a href='https:\/\/projectes.xtec.cat\/pfi\/general\/lalumnat-del-ptt-de-vilafranca-ha-guarnit-lespai-jove-pel-nadal\/attachment\/dav-5\/'><img loading=\"lazy\" decoding=\"async\" width=\"300\" height=\"208\" src=\"https:\/\/projectes.xtec.cat\/pfi\/wp-content\/uploads\/usu1781\/2020\/12\/vidriera-300x208.jpg\" class=\"attachment-medium size-medium\" alt=\"\" aria-describedby=\"gallery-1-10644\" srcset=\"https:\/\/projectes.xtec.cat\/pfi\/wp-content\/uploads\/usu1781\/2020\/12\/vidriera-300x208.jpg 300w, https:\/\/projectes.xtec.cat\/pfi\/wp-content\/uploads\/usu1781\/2020\/12\/vidriera-768x532.jpg 768w, https:\/\/projectes.xtec.cat\/pfi\/wp-content\/uploads\/usu1781\/2020\/12\/vidriera-1024x709.jpg 1024w\" sizes=\"auto, (max-width: 300px) 100vw, 300px\" \/><\/a>\n\t\t\t<\/dt>\n\t\t\t\t<dd class='wp-caption-text gallery-caption' id='gallery-1-10644'>\n\t\t\t\tdav\n\t\t\t\t<\/dd><\/dl><dl class='gallery-item'>\n\t\t\t<dt class='gallery-icon landscape'>\n\t\t\t\t<a href='https:\/\/projectes.xtec.cat\/pfi\/general\/lalumnat-del-ptt-de-vilafranca-ha-guarnit-lespai-jove-pel-nadal\/attachment\/vidriera\/'><img loading=\"lazy\" decoding=\"async\" width=\"300\" height=\"188\" src=\"https:\/\/projectes.xtec.cat\/pfi\/wp-content\/uploads\/usu1781\/2020\/12\/vidriera-300x188.jpeg\" class=\"attachment-medium size-medium\" alt=\"\" srcset=\"https:\/\/projectes.xtec.cat\/pfi\/wp-content\/uploads\/usu1781\/2020\/12\/vidriera-300x188.jpeg 300w, https:\/\/projectes.xtec.cat\/pfi\/wp-content\/uploads\/usu1781\/2020\/12\/vidriera-768x481.jpeg 768w, https:\/\/projectes.xtec.cat\/pfi\/wp-content\/uploads\/usu1781\/2020\/12\/vidriera-1024x641.jpeg 1024w, https:\/\/projectes.xtec.cat\/pfi\/wp-content\/uploads\/usu1781\/2020\/12\/vidriera.jpeg 1356w\" sizes=\"auto, (max-width: 300px) 100vw, 300px\" \/><\/a>\n\t\t\t<\/dt><\/dl><br style=\"clear: both\" \/><dl class='gallery-item'>\n\t\t\t<dt class='gallery-icon portrait'>\n\t\t\t\t<a href='https:\/\/projectes.xtec.cat\/pfi\/general\/lalumnat-del-ptt-de-vilafranca-ha-guarnit-lespai-jove-pel-nadal\/attachment\/tio2\/'><img loading=\"lazy\" decoding=\"async\" width=\"251\" height=\"300\" src=\"https:\/\/projectes.xtec.cat\/pfi\/wp-content\/uploads\/usu1781\/2020\/12\/tio2-251x300.jpeg\" class=\"attachment-medium size-medium\" alt=\"\" srcset=\"https:\/\/projectes.xtec.cat\/pfi\/wp-content\/uploads\/usu1781\/2020\/12\/tio2-251x300.jpeg 251w, https:\/\/projectes.xtec.cat\/pfi\/wp-content\/uploads\/usu1781\/2020\/12\/tio2.jpeg 528w\" sizes=\"auto, (max-width: 251px) 100vw, 251px\" \/><\/a>\n\t\t\t<\/dt><\/dl><dl class='gallery-item'>\n\t\t\t<dt class='gallery-icon portrait'>\n\t\t\t\t<a href='https:\/\/projectes.xtec.cat\/pfi\/general\/lalumnat-del-ptt-de-vilafranca-ha-guarnit-lespai-jove-pel-nadal\/attachment\/dig-3\/'><img loading=\"lazy\" decoding=\"async\" width=\"221\" height=\"300\" src=\"https:\/\/projectes.xtec.cat\/pfi\/wp-content\/uploads\/usu1781\/2020\/12\/tio-fabricaco-221x300.jpg\" class=\"attachment-medium size-medium\" alt=\"\" srcset=\"https:\/\/projectes.xtec.cat\/pfi\/wp-content\/uploads\/usu1781\/2020\/12\/tio-fabricaco-221x300.jpg 221w, https:\/\/projectes.xtec.cat\/pfi\/wp-content\/uploads\/usu1781\/2020\/12\/tio-fabricaco-768x1041.jpg 768w, https:\/\/projectes.xtec.cat\/pfi\/wp-content\/uploads\/usu1781\/2020\/12\/tio-fabricaco-756x1024.jpg 756w, https:\/\/projectes.xtec.cat\/pfi\/wp-content\/uploads\/usu1781\/2020\/12\/tio-fabricaco.jpg 915w\" sizes=\"auto, (max-width: 221px) 100vw, 221px\" \/><\/a>\n\t\t\t<\/dt><\/dl><br style=\"clear: both\" \/><dl class='gallery-item'>\n\t\t\t<dt class='gallery-icon landscape'>\n\t\t\t\t<a href='https:\/\/projectes.xtec.cat\/pfi\/general\/lalumnat-del-ptt-de-vilafranca-ha-guarnit-lespai-jove-pel-nadal\/attachment\/regals-i-tio1\/'><img loading=\"lazy\" decoding=\"async\" width=\"300\" height=\"225\" src=\"https:\/\/projectes.xtec.cat\/pfi\/wp-content\/uploads\/usu1781\/2020\/12\/regals-i-tio1-300x225.jpg\" class=\"attachment-medium size-medium\" alt=\"\" srcset=\"https:\/\/projectes.xtec.cat\/pfi\/wp-content\/uploads\/usu1781\/2020\/12\/regals-i-tio1-300x225.jpg 300w, https:\/\/projectes.xtec.cat\/pfi\/wp-content\/uploads\/usu1781\/2020\/12\/regals-i-tio1-768x576.jpg 768w, https:\/\/projectes.xtec.cat\/pfi\/wp-content\/uploads\/usu1781\/2020\/12\/regals-i-tio1-200x150.jpg 200w, https:\/\/projectes.xtec.cat\/pfi\/wp-content\/uploads\/usu1781\/2020\/12\/regals-i-tio1.jpg 1000w\" sizes=\"auto, (max-width: 300px) 100vw, 300px\" \/><\/a>\n\t\t\t<\/dt><\/dl><dl class='gallery-item'>\n\t\t\t<dt class='gallery-icon landscape'>\n\t\t\t\t<a href='https:\/\/projectes.xtec.cat\/pfi\/general\/lalumnat-del-ptt-de-vilafranca-ha-guarnit-lespai-jove-pel-nadal\/attachment\/pinyes\/'><img loading=\"lazy\" decoding=\"async\" width=\"300\" height=\"222\" src=\"https:\/\/projectes.xtec.cat\/pfi\/wp-content\/uploads\/usu1781\/2020\/12\/pinyes-300x222.jpg\" class=\"attachment-medium size-medium\" alt=\"\" srcset=\"https:\/\/projectes.xtec.cat\/pfi\/wp-content\/uploads\/usu1781\/2020\/12\/pinyes-300x222.jpg 300w, https:\/\/projectes.xtec.cat\/pfi\/wp-content\/uploads\/usu1781\/2020\/12\/pinyes-768x569.jpg 768w, https:\/\/projectes.xtec.cat\/pfi\/wp-content\/uploads\/usu1781\/2020\/12\/pinyes-1024x758.jpg 1024w, https:\/\/projectes.xtec.cat\/pfi\/wp-content\/uploads\/usu1781\/2020\/12\/pinyes.jpg 1338w\" sizes=\"auto, (max-width: 300px) 100vw, 300px\" \/><\/a>\n\t\t\t<\/dt><\/dl><br style=\"clear: both\" \/><dl class='gallery-item'>\n\t\t\t<dt class='gallery-icon landscape'>\n\t\t\t\t<a href='https:\/\/projectes.xtec.cat\/pfi\/general\/lalumnat-del-ptt-de-vilafranca-ha-guarnit-lespai-jove-pel-nadal\/attachment\/dav-4\/'><img loading=\"lazy\" decoding=\"async\" width=\"300\" height=\"300\" src=\"https:\/\/projectes.xtec.cat\/pfi\/wp-content\/uploads\/usu1781\/2020\/12\/grup3-300x300.jpg\" class=\"attachment-medium size-medium\" alt=\"\" aria-describedby=\"gallery-1-10638\" srcset=\"https:\/\/projectes.xtec.cat\/pfi\/wp-content\/uploads\/usu1781\/2020\/12\/grup3-300x300.jpg 300w, https:\/\/projectes.xtec.cat\/pfi\/wp-content\/uploads\/usu1781\/2020\/12\/grup3-150x150.jpg 150w, https:\/\/projectes.xtec.cat\/pfi\/wp-content\/uploads\/usu1781\/2020\/12\/grup3-768x767.jpg 768w, https:\/\/projectes.xtec.cat\/pfi\/wp-content\/uploads\/usu1781\/2020\/12\/grup3-1024x1022.jpg 1024w, https:\/\/projectes.xtec.cat\/pfi\/wp-content\/uploads\/usu1781\/2020\/12\/grup3.jpg 1052w\" sizes=\"auto, (max-width: 300px) 100vw, 300px\" \/><\/a>\n\t\t\t<\/dt>\n\t\t\t\t<dd class='wp-caption-text gallery-caption' id='gallery-1-10638'>\n\t\t\t\tdav\n\t\t\t\t<\/dd><\/dl><dl class='gallery-item'>\n\t\t\t<dt class='gallery-icon landscape'>\n\t\t\t\t<a href='https:\/\/projectes.xtec.cat\/pfi\/general\/lalumnat-del-ptt-de-vilafranca-ha-guarnit-lespai-jove-pel-nadal\/attachment\/grup2\/'><img loading=\"lazy\" decoding=\"async\" width=\"300\" height=\"169\" src=\"https:\/\/projectes.xtec.cat\/pfi\/wp-content\/uploads\/usu1781\/2020\/12\/grup2-300x169.jpeg\" class=\"attachment-medium size-medium\" alt=\"\" srcset=\"https:\/\/projectes.xtec.cat\/pfi\/wp-content\/uploads\/usu1781\/2020\/12\/grup2-300x169.jpeg 300w, https:\/\/projectes.xtec.cat\/pfi\/wp-content\/uploads\/usu1781\/2020\/12\/grup2-768x432.jpeg 768w, https:\/\/projectes.xtec.cat\/pfi\/wp-content\/uploads\/usu1781\/2020\/12\/grup2-1024x576.jpeg 1024w, https:\/\/projectes.xtec.cat\/pfi\/wp-content\/uploads\/usu1781\/2020\/12\/grup2.jpeg 1600w\" sizes=\"auto, (max-width: 300px) 100vw, 300px\" \/><\/a>\n\t\t\t<\/dt><\/dl><br style=\"clear: both\" \/><dl class='gallery-item'>\n\t\t\t<dt class='gallery-icon landscape'>\n\t\t\t\t<a href='https:\/\/projectes.xtec.cat\/pfi\/general\/lalumnat-del-ptt-de-vilafranca-ha-guarnit-lespai-jove-pel-nadal\/attachment\/grup\/'><img loading=\"lazy\" decoding=\"async\" width=\"300\" height=\"206\" src=\"https:\/\/projectes.xtec.cat\/pfi\/wp-content\/uploads\/usu1781\/2020\/12\/grup-300x206.jpeg\" class=\"attachment-medium size-medium\" alt=\"\" srcset=\"https:\/\/projectes.xtec.cat\/pfi\/wp-content\/uploads\/usu1781\/2020\/12\/grup-300x206.jpeg 300w, https:\/\/projectes.xtec.cat\/pfi\/wp-content\/uploads\/usu1781\/2020\/12\/grup-768x527.jpeg 768w, https:\/\/projectes.xtec.cat\/pfi\/wp-content\/uploads\/usu1781\/2020\/12\/grup-1024x702.jpeg 1024w, https:\/\/projectes.xtec.cat\/pfi\/wp-content\/uploads\/usu1781\/2020\/12\/grup.jpeg 1467w\" sizes=\"auto, (max-width: 300px) 100vw, 300px\" \/><\/a>\n\t\t\t<\/dt><\/dl><dl class='gallery-item'>\n\t\t\t<dt class='gallery-icon portrait'>\n\t\t\t\t<a href='https:\/\/projectes.xtec.cat\/pfi\/general\/lalumnat-del-ptt-de-vilafranca-ha-guarnit-lespai-jove-pel-nadal\/attachment\/dav-3\/'><img loading=\"lazy\" decoding=\"async\" width=\"201\" height=\"300\" src=\"https:\/\/projectes.xtec.cat\/pfi\/wp-content\/uploads\/usu1781\/2020\/12\/garlandes-201x300.jpg\" class=\"attachment-medium size-medium\" alt=\"\" aria-describedby=\"gallery-1-10635\" srcset=\"https:\/\/projectes.xtec.cat\/pfi\/wp-content\/uploads\/usu1781\/2020\/12\/garlandes-201x300.jpg 201w, https:\/\/projectes.xtec.cat\/pfi\/wp-content\/uploads\/usu1781\/2020\/12\/garlandes-768x1146.jpg 768w, https:\/\/projectes.xtec.cat\/pfi\/wp-content\/uploads\/usu1781\/2020\/12\/garlandes-686x1024.jpg 686w, https:\/\/projectes.xtec.cat\/pfi\/wp-content\/uploads\/usu1781\/2020\/12\/garlandes.jpg 770w\" sizes=\"auto, (max-width: 201px) 100vw, 201px\" \/><\/a>\n\t\t\t<\/dt>\n\t\t\t\t<dd class='wp-caption-text gallery-caption' id='gallery-1-10635'>\n\t\t\t\tdav\n\t\t\t\t<\/dd><\/dl><br style=\"clear: both\" \/><dl class='gallery-item'>\n\t\t\t<dt class='gallery-icon portrait'>\n\t\t\t\t<a href='https:\/\/projectes.xtec.cat\/pfi\/general\/lalumnat-del-ptt-de-vilafranca-ha-guarnit-lespai-jove-pel-nadal\/attachment\/dig-2\/'><img loading=\"lazy\" decoding=\"async\" width=\"225\" height=\"300\" src=\"https:\/\/projectes.xtec.cat\/pfi\/wp-content\/uploads\/usu1781\/2020\/12\/garlandes-2-225x300.jpg\" class=\"attachment-medium size-medium\" alt=\"\" aria-describedby=\"gallery-1-10634\" srcset=\"https:\/\/projectes.xtec.cat\/pfi\/wp-content\/uploads\/usu1781\/2020\/12\/garlandes-2-225x300.jpg 225w, https:\/\/projectes.xtec.cat\/pfi\/wp-content\/uploads\/usu1781\/2020\/12\/garlandes-2-768x1024.jpg 768w, https:\/\/projectes.xtec.cat\/pfi\/wp-content\/uploads\/usu1781\/2020\/12\/garlandes-2.jpg 944w\" sizes=\"auto, (max-width: 225px) 100vw, 225px\" \/><\/a>\n\t\t\t<\/dt>\n\t\t\t\t<dd class='wp-caption-text gallery-caption' id='gallery-1-10634'>\n\t\t\t\tdig\n\t\t\t\t<\/dd><\/dl><dl class='gallery-item'>\n\t\t\t<dt class='gallery-icon portrait'>\n\t\t\t\t<a href='https:\/\/projectes.xtec.cat\/pfi\/general\/lalumnat-del-ptt-de-vilafranca-ha-guarnit-lespai-jove-pel-nadal\/attachment\/corona\/'><img loading=\"lazy\" decoding=\"async\" width=\"251\" height=\"300\" src=\"https:\/\/projectes.xtec.cat\/pfi\/wp-content\/uploads\/usu1781\/2020\/12\/corona-251x300.jpg\" class=\"attachment-medium size-medium\" alt=\"\" srcset=\"https:\/\/projectes.xtec.cat\/pfi\/wp-content\/uploads\/usu1781\/2020\/12\/corona-251x300.jpg 251w, https:\/\/projectes.xtec.cat\/pfi\/wp-content\/uploads\/usu1781\/2020\/12\/corona-768x919.jpg 768w, https:\/\/projectes.xtec.cat\/pfi\/wp-content\/uploads\/usu1781\/2020\/12\/corona-856x1024.jpg 856w, https:\/\/projectes.xtec.cat\/pfi\/wp-content\/uploads\/usu1781\/2020\/12\/corona.jpg 985w\" sizes=\"auto, (max-width: 251px) 100vw, 251px\" \/><\/a>\n\t\t\t<\/dt><\/dl><br style=\"clear: both\" \/><dl class='gallery-item'>\n\t\t\t<dt class='gallery-icon landscape'>\n\t\t\t\t<a href='https:\/\/projectes.xtec.cat\/pfi\/general\/lalumnat-del-ptt-de-vilafranca-ha-guarnit-lespai-jove-pel-nadal\/attachment\/dig\/'><img loading=\"lazy\" decoding=\"async\" width=\"300\" height=\"219\" src=\"https:\/\/projectes.xtec.cat\/pfi\/wp-content\/uploads\/usu1781\/2020\/12\/centre-300x219.jpg\" class=\"attachment-medium size-medium\" alt=\"\" aria-describedby=\"gallery-1-10632\" srcset=\"https:\/\/projectes.xtec.cat\/pfi\/wp-content\/uploads\/usu1781\/2020\/12\/centre-300x219.jpg 300w, https:\/\/projectes.xtec.cat\/pfi\/wp-content\/uploads\/usu1781\/2020\/12\/centre-768x561.jpg 768w, https:\/\/projectes.xtec.cat\/pfi\/wp-content\/uploads\/usu1781\/2020\/12\/centre-1024x747.jpg 1024w, https:\/\/projectes.xtec.cat\/pfi\/wp-content\/uploads\/usu1781\/2020\/12\/centre.jpg 1148w\" sizes=\"auto, (max-width: 300px) 100vw, 300px\" \/><\/a>\n\t\t\t<\/dt>\n\t\t\t\t<dd class='wp-caption-text gallery-caption' id='gallery-1-10632'>\n\t\t\t\tdig\n\t\t\t\t<\/dd><\/dl><dl class='gallery-item'>\n\t\t\t<dt class='gallery-icon portrait'>\n\t\t\t\t<a href='https:\/\/projectes.xtec.cat\/pfi\/general\/lalumnat-del-ptt-de-vilafranca-ha-guarnit-lespai-jove-pel-nadal\/attachment\/cartell-nadal\/'><img loading=\"lazy\" decoding=\"async\" width=\"260\" height=\"300\" src=\"https:\/\/projectes.xtec.cat\/pfi\/wp-content\/uploads\/usu1781\/2020\/12\/cartell-nadal-260x300.jpeg\" class=\"attachment-medium size-medium\" alt=\"\" srcset=\"https:\/\/projectes.xtec.cat\/pfi\/wp-content\/uploads\/usu1781\/2020\/12\/cartell-nadal-260x300.jpeg 260w, https:\/\/projectes.xtec.cat\/pfi\/wp-content\/uploads\/usu1781\/2020\/12\/cartell-nadal-768x887.jpeg 768w, https:\/\/projectes.xtec.cat\/pfi\/wp-content\/uploads\/usu1781\/2020\/12\/cartell-nadal-887x1024.jpeg 887w, https:\/\/projectes.xtec.cat\/pfi\/wp-content\/uploads\/usu1781\/2020\/12\/cartell-nadal.jpeg 900w\" sizes=\"auto, (max-width: 260px) 100vw, 260px\" \/><\/a>\n\t\t\t<\/dt><\/dl><br style=\"clear: both\" \/><dl class='gallery-item'>\n\t\t\t<dt class='gallery-icon landscape'>\n\t\t\t\t<a href='https:\/\/projectes.xtec.cat\/pfi\/general\/lalumnat-del-ptt-de-vilafranca-ha-guarnit-lespai-jove-pel-nadal\/attachment\/dav-2\/'><img loading=\"lazy\" decoding=\"async\" width=\"300\" height=\"225\" src=\"https:\/\/projectes.xtec.cat\/pfi\/wp-content\/uploads\/usu1781\/2020\/12\/calendari-300x225.jpg\" class=\"attachment-medium size-medium\" alt=\"\" aria-describedby=\"gallery-1-10630\" srcset=\"https:\/\/projectes.xtec.cat\/pfi\/wp-content\/uploads\/usu1781\/2020\/12\/calendari-300x225.jpg 300w, https:\/\/projectes.xtec.cat\/pfi\/wp-content\/uploads\/usu1781\/2020\/12\/calendari-768x576.jpg 768w, https:\/\/projectes.xtec.cat\/pfi\/wp-content\/uploads\/usu1781\/2020\/12\/calendari-1024x768.jpg 1024w, https:\/\/projectes.xtec.cat\/pfi\/wp-content\/uploads\/usu1781\/2020\/12\/calendari-200x150.jpg 200w, https:\/\/projectes.xtec.cat\/pfi\/wp-content\/uploads\/usu1781\/2020\/12\/calendari.jpg 1040w\" sizes=\"auto, (max-width: 300px) 100vw, 300px\" \/><\/a>\n\t\t\t<\/dt>\n\t\t\t\t<dd class='wp-caption-text gallery-caption' id='gallery-1-10630'>\n\t\t\t\tdav\n\t\t\t\t<\/dd><\/dl><dl class='gallery-item'>\n\t\t\t<dt class='gallery-icon landscape'>\n\t\t\t\t<a href='https:\/\/projectes.xtec.cat\/pfi\/general\/lalumnat-del-ptt-de-vilafranca-ha-guarnit-lespai-jove-pel-nadal\/attachment\/dav\/'><img loading=\"lazy\" decoding=\"async\" width=\"300\" height=\"225\" src=\"https:\/\/projectes.xtec.cat\/pfi\/wp-content\/uploads\/usu1781\/2020\/12\/arrbre-porex-300x225.jpg\" class=\"attachment-medium size-medium\" alt=\"\" srcset=\"https:\/\/projectes.xtec.cat\/pfi\/wp-content\/uploads\/usu1781\/2020\/12\/arrbre-porex-300x225.jpg 300w, https:\/\/projectes.xtec.cat\/pfi\/wp-content\/uploads\/usu1781\/2020\/12\/arrbre-porex-768x576.jpg 768w, https:\/\/projectes.xtec.cat\/pfi\/wp-content\/uploads\/usu1781\/2020\/12\/arrbre-porex-1024x768.jpg 1024w, https:\/\/projectes.xtec.cat\/pfi\/wp-content\/uploads\/usu1781\/2020\/12\/arrbre-porex-200x150.jpg 200w, https:\/\/projectes.xtec.cat\/pfi\/wp-content\/uploads\/usu1781\/2020\/12\/arrbre-porex.jpg 1040w\" sizes=\"auto, (max-width: 300px) 100vw, 300px\" \/><\/a>\n\t\t\t<\/dt><\/dl><br style=\"clear: both\" \/>\n\t\t<\/div>\n\n<p>L\u2019Espai Jove La Nau, situat a l\u2019antic mercat de la Pel.legrina de Vilafranca del Pened\u00e8s,\u00a0 llueix des de fa uns dies de la decoraci\u00f3 de Nadal. El guarniment d\u2019aquest espai ha estat realitzat per l\u2019alumnat de l\u2019especialitat d\u2019auxiliar de vendes, oficina i atenci\u00f3 al p\u00fablic del Programa de Formaci\u00f3 i Inserci\u00f3 (PFI)-Pla de Transici\u00f3 al Treball (PTT) de Vilafranca.<\/p>\n<p>Els nois i noies van estar treballant, juntament\u00a0 amb la dinamitzadora juvenil de L\u2019espai Jove i el professorat del PTT, en un projecte adre\u00e7at a donar-li una ambientaci\u00f3 nadalenca a La Nau, de cara a la celebraci\u00f3 de les activitats proposades al jovent per aquesta entitat durant les vacances escolars de Nadal.<\/p>\n<p>Els joves han dissenyat, creat i col\u00b7locat els diferents guarniments nadalencs que s\u2019han utilitzat per a decorar l\u2019espai de trobada i les vidrieres de l\u2019espai Jove, fent servir diferents t\u00e8cniques i procurant, dins del possible, el reciclatge de materials, per tal de donar-los una nova utilitat. Aix\u00ed, han creat, entre d\u2019altres, un calendari d\u2019Advent gegant amb bons desitjos per al 2021, una corona d\u2019Advent vegetal, figures aleg\u00f2riques de les festes treballant amb porexpan, un ti\u00f3, un centre de taula nadalenc, un mur vegetal fet amb pinyes i pi i han guarnit l\u2019arbre.<\/p>\n<p>Aquesta nova col\u00b7laboraci\u00f3 ens ha perm\u00e8s continuar treballant\u00a0 els objectius did\u00e0ctics dels m\u00f2duls de formaci\u00f3 en t\u00e8cniques b\u00e0siques de comercialitzaci\u00f3 i de la formaci\u00f3 general b\u00e0sica de manera pr\u00e0ctica,\u00a0 seguint els principis de l\u2019aprenentatge productiu.<\/p>\n<p>Des del PFI-PTT agra\u00efm a l\u2019equip t\u00e8cnic de la Nau que ens hagin ofert de nou aquesta oportunitat de poder oferir a l\u2019alumnat la possibilitat d\u2019aprendre a trav\u00e9s de l\u2019activitat i de que continu\u00efn, aix\u00ed, desenvolupant la seva creativitat, la capacitat de treball en equip, el treball per objectius i la realitzaci\u00f3 d\u2019una tasca que suposi un servei a la comunitat.<\/p>\n<p>#pfi #impulsFP<\/p>\n<p>&nbsp;<\/p>\n<p>&nbsp;<\/p>\n<p>&nbsp;<\/p>\n<p>&nbsp;<\/p>\n<p>&nbsp;<\/p>\n<p>&nbsp;<\/p>\n","protected":false},"excerpt":{"rendered":"<p>L&#8217;alumnat del curs d&#8217;auxiliar de vendes, oficina i atenci\u00f3 al p\u00fablic del PFI-PTT de Vilafranca han tingut l&#8217;oportunitat de guarnir l&#8217;Espai Jove la Nau per a les activitats nadalenques.&hellip;  <a href=\"https:\/\/projectes.xtec.cat\/pfi\/general\/lalumnat-del-ptt-de-vilafranca-ha-guarnit-lespai-jove-pel-nadal\/\" title=\"Read L&#8217;ALUMNAT DEL PTT DE VILAFRANCA HA GUARNIT L\u2019ESPAI JOVE PEL NADAL\">Llegeix m\u00e9s\u00bb<\/a><\/p>\n","protected":false},"author":120,"featured_media":10636,"comment_status":"open","ping_status":"closed","sticky":false,"template":"","format":"standard","meta":{"_bbp_topic_count":0,"_bbp_reply_count":0,"_bbp_total_topic_count":0,"_bbp_total_reply_count":0,"_bbp_voice_count":0,"_bbp_anonymous_reply_count":0,"_bbp_topic_count_hidden":0,"_bbp_reply_count_hidden":0,"_bbp_forum_subforum_count":0,"footnotes":""},"categories":[1,29],"tags":[306,289,364],"class_list":["post-10625","post","type-post","status-publish","format-standard","has-post-thumbnail","hentry","category-general","category-portada","tag-activitats","tag-alumnes-pfi","tag-projectes"],"post_mailing_queue_ids":[],"_links":{"self":[{"href":"https:\/\/projectes.xtec.cat\/pfi\/wp-json\/wp\/v2\/posts\/10625","targetHints":{"allow":["GET"]}}],"collection":[{"href":"https:\/\/projectes.xtec.cat\/pfi\/wp-json\/wp\/v2\/posts"}],"about":[{"href":"https:\/\/projectes.xtec.cat\/pfi\/wp-json\/wp\/v2\/types\/post"}],"author":[{"embeddable":true,"href":"https:\/\/projectes.xtec.cat\/pfi\/wp-json\/wp\/v2\/users\/120"}],"replies":[{"embeddable":true,"href":"https:\/\/projectes.xtec.cat\/pfi\/wp-json\/wp\/v2\/comments?post=10625"}],"version-history":[{"count":3,"href":"https:\/\/projectes.xtec.cat\/pfi\/wp-json\/wp\/v2\/posts\/10625\/revisions"}],"predecessor-version":[{"id":10662,"href":"https:\/\/projectes.xtec.cat\/pfi\/wp-json\/wp\/v2\/posts\/10625\/revisions\/10662"}],"wp:featuredmedia":[{"embeddable":true,"href":"https:\/\/projectes.xtec.cat\/pfi\/wp-json\/wp\/v2\/media\/10636"}],"wp:attachment":[{"href":"https:\/\/projectes.xtec.cat\/pfi\/wp-json\/wp\/v2\/media?parent=10625"}],"wp:term":[{"taxonomy":"category","embeddable":true,"href":"https:\/\/projectes.xtec.cat\/pfi\/wp-json\/wp\/v2\/categories?post=10625"},{"taxonomy":"post_tag","embeddable":true,"href":"https:\/\/projectes.xtec.cat\/pfi\/wp-json\/wp\/v2\/tags?post=10625"}],"curies":[{"name":"wp","href":"https:\/\/api.w.org\/{rel}","templated":true}]}}