{"id":10678,"date":"2021-01-11T13:51:15","date_gmt":"2021-01-11T12:51:15","guid":{"rendered":"http:\/\/projectes.xtec.cat\/pfi\/?p=10678"},"modified":"2021-01-12T10:06:08","modified_gmt":"2021-01-12T09:06:08","slug":"nous-tallers-de-my-digital-challenge-de-factoria-f5-i-fundacio-orange","status":"publish","type":"post","link":"https:\/\/projectes.xtec.cat\/pfi\/general\/nous-tallers-de-my-digital-challenge-de-factoria-f5-i-fundacio-orange\/","title":{"rendered":"Nous tallers de &#8220;My Digital Challenge&#8221; de Factoria F5 i Fundaci\u00f3 Orange"},"content":{"rendered":"<p>La Fundaci\u00f3 Orange conjuntament amb Factoria F5 ens conviden a un webinar per a professorat PFI que porta com a t\u00edtol:<\/p>\n<div><\/div>\n<div><b>\u201cMy digital challenge: Trabajar las competencias digitales por proyectos\u201d<br \/>\n<\/b><\/div>\n<div><\/div>\n<p>Aquest webinar es realitzar\u00e0 els dies 14, 18 i 21, de 18h a 20h. Es poden escollir una de les tres dates.<\/p>\n<p>Si teniu inter\u00e8s a participar al webinar del dia 14 de gener, heu d&#8217;omplir el seg\u00fcent formulari:<\/p>\n<div><a id=\"LPlnk408388\" href=\"https:\/\/projectes.xtec.cat\/pfi\/general\/digital-challenge-fundacio-orange\/\" target=\"_blank\" rel=\"noopener noreferrer\" data-auth=\"NotApplicable\">https:\/\/projectes.xtec.cat\/pfi\/general\/digital-challenge-fundacio-orange\/<\/a><\/div>\n<div><\/div>\n<p>I, si teniu inter\u00e8s en participar en alguna de les altres dates, heu d&#8217;enviar un mail a: projectespfi.educaci\u00f3@gencat.cat<\/p>\n<div>Gr\u00e0cies!<\/div>\n<div><\/div>\n<div>#pfiCAT #impulsFP<\/div>\n","protected":false},"excerpt":{"rendered":"<p>La Fundaci\u00f3 Orange conjuntament amb Factoria F5 ens conviden a un webinar per a professorat PFI que porta com a t\u00edtol:<\/p>\n<p>\u201cMy digital challenge: Trabajar las competencias digitales por proyectos\u201d<\/p>\n<p>Aquest webinar es realitzar\u00e0 els dies 14, 18 i 21, de 18h a 20h. Es poden escollir&hellip;  <a href=\"https:\/\/projectes.xtec.cat\/pfi\/general\/nous-tallers-de-my-digital-challenge-de-factoria-f5-i-fundacio-orange\/\" title=\"Read Nous tallers de &#8220;My Digital Challenge&#8221; de Factoria F5 i Fundaci\u00f3 Orange\">Llegeix m\u00e9s\u00bb<\/a><\/p>\n","protected":false},"author":45,"featured_media":0,"comment_status":"open","ping_status":"closed","sticky":false,"template":"","format":"standard","meta":{"_bbp_topic_count":0,"_bbp_reply_count":0,"_bbp_total_topic_count":0,"_bbp_total_reply_count":0,"_bbp_voice_count":0,"_bbp_anonymous_reply_count":0,"_bbp_topic_count_hidden":0,"_bbp_reply_count_hidden":0,"_bbp_forum_subforum_count":0,"footnotes":""},"categories":[1,29],"tags":[311,313],"class_list":["post-10678","post","type-post","status-publish","format-standard","hentry","category-general","category-portada","tag-formacio","tag-professorat-pfi"],"post_mailing_queue_ids":[],"_links":{"self":[{"href":"https:\/\/projectes.xtec.cat\/pfi\/wp-json\/wp\/v2\/posts\/10678","targetHints":{"allow":["GET"]}}],"collection":[{"href":"https:\/\/projectes.xtec.cat\/pfi\/wp-json\/wp\/v2\/posts"}],"about":[{"href":"https:\/\/projectes.xtec.cat\/pfi\/wp-json\/wp\/v2\/types\/post"}],"author":[{"embeddable":true,"href":"https:\/\/projectes.xtec.cat\/pfi\/wp-json\/wp\/v2\/users\/45"}],"replies":[{"embeddable":true,"href":"https:\/\/projectes.xtec.cat\/pfi\/wp-json\/wp\/v2\/comments?post=10678"}],"version-history":[{"count":3,"href":"https:\/\/projectes.xtec.cat\/pfi\/wp-json\/wp\/v2\/posts\/10678\/revisions"}],"predecessor-version":[{"id":10681,"href":"https:\/\/projectes.xtec.cat\/pfi\/wp-json\/wp\/v2\/posts\/10678\/revisions\/10681"}],"wp:attachment":[{"href":"https:\/\/projectes.xtec.cat\/pfi\/wp-json\/wp\/v2\/media?parent=10678"}],"wp:term":[{"taxonomy":"category","embeddable":true,"href":"https:\/\/projectes.xtec.cat\/pfi\/wp-json\/wp\/v2\/categories?post=10678"},{"taxonomy":"post_tag","embeddable":true,"href":"https:\/\/projectes.xtec.cat\/pfi\/wp-json\/wp\/v2\/tags?post=10678"}],"curies":[{"name":"wp","href":"https:\/\/api.w.org\/{rel}","templated":true}]}}