{"id":10834,"date":"2021-02-11T10:00:40","date_gmt":"2021-02-11T09:00:40","guid":{"rendered":"http:\/\/projectes.xtec.cat\/pfi\/?p=10834"},"modified":"2021-07-09T13:08:18","modified_gmt":"2021-07-09T11:08:18","slug":"dia-internacional-de-les-dones-i-les-nenes-a-la-ciencia","status":"publish","type":"post","link":"https:\/\/projectes.xtec.cat\/pfi\/general\/dia-internacional-de-les-dones-i-les-nenes-a-la-ciencia\/","title":{"rendered":"Materials per treballar el Dia Internacional de les Dones i les Nenes a la ci\u00e8ncia"},"content":{"rendered":"<p>L\u201911 de febrer \u00e9s el <strong>Dia Internacional de les Dones i les Nenes a la ci\u00e8ncia<\/strong>.\u00a0Totes les persones tenim m\u00e8rit, per\u00f2 les dones hist\u00f2ricament han estat a l\u2019ombra. Actualment \u00e9s necessari educar no per g\u00e8neres d&#8217;home o dona, sin\u00f3 per persones capaces de desenvolupar diferents capacitats.<\/p>\n<p>S&#8217;adjunten tres articles per treballar el Dia Internacional de les Dones i les Nenes a la ci\u00e8ncia amb l&#8217;alumnat.<\/p>\n<p><a href=\"https:\/\/celobertplanetari.blogspot.com\/2018\/02\/dia-internacional-de-les-dones-i-les.html\">https:\/\/celobertplanetari.blogspot.com\/2018\/02\/dia-internacional-de-les-dones-i-les.html<\/a><\/p>\n<p><a href=\"https:\/\/celobertplanetari.blogspot.com\/2019\/01\/enheduana-adorn-del-cel.html\">https:\/\/celobertplanetari.blogspot.com\/2019\/01\/enheduana-adorn-del-cel.html<\/a><\/p>\n<p><a href=\"http:\/\/celobertplanetari.blogspot.com\/2021\/01\/dones-que-han-fet-historia-lespai.html\">http:\/\/celobertplanetari.blogspot.com\/2021\/01\/dones-que-han-fet-historia-lespai.html<\/a><\/p>\n<p><strong>Els dies internacionals ens serveixen per recordar, per\u00f2 cal cultivar els valors dia a dia.<\/strong><\/p>\n<figure class=\"figure wp-caption aligncenter\"><a href=\"https:\/\/projectes.xtec.cat\/pfi\/wp-content\/uploads\/usu1781\/2021\/02\/astronauta2.png\"><img loading=\"lazy\" decoding=\"async\" class=\"size-full wp-image-10838\" src=\"https:\/\/projectes.xtec.cat\/pfi\/wp-content\/uploads\/usu1781\/2021\/02\/astronauta2.png\" alt=\"\" width=\"290\" height=\"174\" \/><\/a><figcaption class=\"wp-caption-text\">Svetlana Savitskaya (1948)<\/figcaption><\/figure>\n<p>&nbsp;<\/p>\n<p>Endavant PFI!<\/p>\n<p>#impulsFP #pfiCAT<\/p>\n","protected":false},"excerpt":{"rendered":"<p>L\u201911 de febrer \u00e9s el Dia Internacional de les Dones i les Nenes a la ci\u00e8ncia.\u00a0Totes les persones tenim m\u00e8rit, per\u00f2 les dones hist\u00f2ricament han estat a l\u2019ombra. Actualment \u00e9s necessari educar no per g\u00e8neres d&#8217;home o dona, sin\u00f3 per persones capaces de desenvolupar diferents&hellip;  <a href=\"https:\/\/projectes.xtec.cat\/pfi\/general\/dia-internacional-de-les-dones-i-les-nenes-a-la-ciencia\/\" title=\"Read Materials per treballar el Dia Internacional de les Dones i les Nenes a la ci\u00e8ncia\">Llegeix m\u00e9s\u00bb<\/a><\/p>\n","protected":false},"author":4,"featured_media":10838,"comment_status":"open","ping_status":"closed","sticky":false,"template":"","format":"standard","meta":{"_bbp_topic_count":0,"_bbp_reply_count":0,"_bbp_total_topic_count":0,"_bbp_total_reply_count":0,"_bbp_voice_count":0,"_bbp_anonymous_reply_count":0,"_bbp_topic_count_hidden":0,"_bbp_reply_count_hidden":0,"_bbp_forum_subforum_count":0,"footnotes":""},"categories":[380,1,29],"tags":[438,439],"class_list":["post-10834","post","type-post","status-publish","format-standard","has-post-thumbnail","hentry","category-coed-i-igualtat","category-general","category-portada","tag-dones","tag-igualtat"],"post_mailing_queue_ids":[],"_links":{"self":[{"href":"https:\/\/projectes.xtec.cat\/pfi\/wp-json\/wp\/v2\/posts\/10834","targetHints":{"allow":["GET"]}}],"collection":[{"href":"https:\/\/projectes.xtec.cat\/pfi\/wp-json\/wp\/v2\/posts"}],"about":[{"href":"https:\/\/projectes.xtec.cat\/pfi\/wp-json\/wp\/v2\/types\/post"}],"author":[{"embeddable":true,"href":"https:\/\/projectes.xtec.cat\/pfi\/wp-json\/wp\/v2\/users\/4"}],"replies":[{"embeddable":true,"href":"https:\/\/projectes.xtec.cat\/pfi\/wp-json\/wp\/v2\/comments?post=10834"}],"version-history":[{"count":3,"href":"https:\/\/projectes.xtec.cat\/pfi\/wp-json\/wp\/v2\/posts\/10834\/revisions"}],"predecessor-version":[{"id":11008,"href":"https:\/\/projectes.xtec.cat\/pfi\/wp-json\/wp\/v2\/posts\/10834\/revisions\/11008"}],"wp:featuredmedia":[{"embeddable":true,"href":"https:\/\/projectes.xtec.cat\/pfi\/wp-json\/wp\/v2\/media\/10838"}],"wp:attachment":[{"href":"https:\/\/projectes.xtec.cat\/pfi\/wp-json\/wp\/v2\/media?parent=10834"}],"wp:term":[{"taxonomy":"category","embeddable":true,"href":"https:\/\/projectes.xtec.cat\/pfi\/wp-json\/wp\/v2\/categories?post=10834"},{"taxonomy":"post_tag","embeddable":true,"href":"https:\/\/projectes.xtec.cat\/pfi\/wp-json\/wp\/v2\/tags?post=10834"}],"curies":[{"name":"wp","href":"https:\/\/api.w.org\/{rel}","templated":true}]}}