{"id":10996,"date":"2021-02-11T09:10:27","date_gmt":"2021-02-11T08:10:27","guid":{"rendered":"http:\/\/projectes.xtec.cat\/pfi\/?p=10996"},"modified":"2021-02-11T13:59:36","modified_gmt":"2021-02-11T12:59:36","slug":"nota-informativa-avaluacio-i-acces-a-cicles-de-grau-mitja-dels-alumnes-pfi","status":"publish","type":"post","link":"https:\/\/projectes.xtec.cat\/pfi\/portada\/nota-informativa-avaluacio-i-acces-a-cicles-de-grau-mitja-dels-alumnes-pfi\/","title":{"rendered":"Nota informativa avaluaci\u00f3 i acc\u00e9s a cicles de grau mitj\u00e0 dels alumnes PFI"},"content":{"rendered":"<p>Adjunta trobareu una nota en relaci\u00f3 a la Resoluci\u00f3 EDU\/2638\/2020, de 26 d\u2019octubre i l\u2019acc\u00e9s a cicles de grau mitj\u00e0 dels alumnes PFI que us orientar\u00e0 sobre l&#8217;avaluaci\u00f3 i l&#8217;acc\u00e9s als CFGM.<\/p>\n<p><a href=\"https:\/\/drive.google.com\/file\/d\/1cUkqW3vr-1Tj2BpFPnFo_mnkiY_o_ehE\/view?usp=sharing\">Acc\u00e9s a la nota informativa<\/a><\/p>\n<p>#pfiCAT #impulsFP<\/p>\n","protected":false},"excerpt":{"rendered":"<p>Adjunta trobareu una nota en relaci\u00f3 a la Resoluci\u00f3 EDU\/2638\/2020, de 26 d\u2019octubre i l\u2019acc\u00e9s a cicles de grau mitj\u00e0 dels alumnes PFI que us orientar\u00e0 sobre l&#8217;avaluaci\u00f3 i l&#8217;acc\u00e9s als CFGM.<br \/>\n<a href=\"https:\/\/drive.google.com\/file\/d\/1cUkqW3vr-1Tj2BpFPnFo_mnkiY_o_ehE\/view?usp=sharing\">Acc\u00e9s a la nota informativa<\/a><br \/>\n#pfiCAT #impulsFP<\/p>\n","protected":false},"author":1,"featured_media":0,"comment_status":"open","ping_status":"closed","sticky":false,"template":"","format":"standard","meta":{"_bbp_topic_count":0,"_bbp_reply_count":0,"_bbp_total_topic_count":0,"_bbp_total_reply_count":0,"_bbp_voice_count":0,"_bbp_anonymous_reply_count":0,"_bbp_topic_count_hidden":0,"_bbp_reply_count_hidden":0,"_bbp_forum_subforum_count":0,"footnotes":""},"categories":[287,29],"tags":[389,390,291],"class_list":["post-10996","post","type-post","status-publish","format-standard","hentry","category-comunicats","category-portada","tag-avaluacio","tag-cfgm","tag-comunicats"],"post_mailing_queue_ids":[],"_links":{"self":[{"href":"https:\/\/projectes.xtec.cat\/pfi\/wp-json\/wp\/v2\/posts\/10996","targetHints":{"allow":["GET"]}}],"collection":[{"href":"https:\/\/projectes.xtec.cat\/pfi\/wp-json\/wp\/v2\/posts"}],"about":[{"href":"https:\/\/projectes.xtec.cat\/pfi\/wp-json\/wp\/v2\/types\/post"}],"author":[{"embeddable":true,"href":"https:\/\/projectes.xtec.cat\/pfi\/wp-json\/wp\/v2\/users\/1"}],"replies":[{"embeddable":true,"href":"https:\/\/projectes.xtec.cat\/pfi\/wp-json\/wp\/v2\/comments?post=10996"}],"version-history":[{"count":3,"href":"https:\/\/projectes.xtec.cat\/pfi\/wp-json\/wp\/v2\/posts\/10996\/revisions"}],"predecessor-version":[{"id":11000,"href":"https:\/\/projectes.xtec.cat\/pfi\/wp-json\/wp\/v2\/posts\/10996\/revisions\/11000"}],"wp:attachment":[{"href":"https:\/\/projectes.xtec.cat\/pfi\/wp-json\/wp\/v2\/media?parent=10996"}],"wp:term":[{"taxonomy":"category","embeddable":true,"href":"https:\/\/projectes.xtec.cat\/pfi\/wp-json\/wp\/v2\/categories?post=10996"},{"taxonomy":"post_tag","embeddable":true,"href":"https:\/\/projectes.xtec.cat\/pfi\/wp-json\/wp\/v2\/tags?post=10996"}],"curies":[{"name":"wp","href":"https:\/\/api.w.org\/{rel}","templated":true}]}}