{"id":11069,"date":"2021-02-17T09:57:28","date_gmt":"2021-02-17T08:57:28","guid":{"rendered":"http:\/\/projectes.xtec.cat\/pfi\/?p=11069"},"modified":"2021-04-23T13:05:48","modified_gmt":"2021-04-23T11:05:48","slug":"publicada-resolucio-edu-377-2021-que-estableix-lorganitzacio-i-la-gestio-de-la-modalitat-ptt","status":"publish","type":"post","link":"https:\/\/projectes.xtec.cat\/pfi\/portada\/publicada-resolucio-edu-377-2021-que-estableix-lorganitzacio-i-la-gestio-de-la-modalitat-ptt\/","title":{"rendered":"Publicada RESOLUCI\u00d3 EDU\/377\/2021 que estableix l&#8217;organitzaci\u00f3 i la gesti\u00f3 de la modalitat PTT"},"content":{"rendered":"<p>S&#8217;ha publicat la <a href=\"https:\/\/dogc.gencat.cat\/ca\/document-del-dogc\/?documentId=893561\">RESOLUCI\u00d3 EDU\/377\/2021<\/a>, de 8 de febrer, per la qual s&#8217;estableix l&#8217;organitzaci\u00f3 i la gesti\u00f3 de la modalitat de<br \/>\nPlans de Transici\u00f3 al Treball dels programes de formaci\u00f3 i inserci\u00f3 a partir del curs 2021-2022.<\/p>\n<p><a href=\"https:\/\/dogc.gencat.cat\/ca\/document-del-dogc\/?documentId=893561\">Acc\u00e9s a la resoluci\u00f3<\/a><\/p>\n<p>#pfiCAT #impulsFP<\/p>\n","protected":false},"excerpt":{"rendered":"<p>S&#8217;ha publicat la <a href=\"https:\/\/dogc.gencat.cat\/ca\/document-del-dogc\/?documentId=893561\">RESOLUCI\u00d3 EDU\/377\/2021<\/a>, de 8 de febrer, per la qual s&#8217;estableix l&#8217;organitzaci\u00f3 i la gesti\u00f3 de la modalitat de<br \/>\nPlans de Transici\u00f3 al Treball dels programes de formaci\u00f3 i inserci\u00f3 a partir del curs 2021-2022.<br \/>\n<a href=\"https:\/\/dogc.gencat.cat\/ca\/document-del-dogc\/?documentId=893561\">Acc\u00e9s a la resoluci\u00f3<\/a><br \/>\n#pfiCAT #impulsFP<\/p>\n","protected":false},"author":1,"featured_media":0,"comment_status":"open","ping_status":"closed","sticky":false,"template":"","format":"standard","meta":{"_bbp_topic_count":0,"_bbp_reply_count":0,"_bbp_total_topic_count":0,"_bbp_total_reply_count":0,"_bbp_voice_count":0,"_bbp_anonymous_reply_count":0,"_bbp_topic_count_hidden":0,"_bbp_reply_count_hidden":0,"_bbp_forum_subforum_count":0,"footnotes":""},"categories":[287,29],"tags":[],"class_list":["post-11069","post","type-post","status-publish","format-standard","hentry","category-comunicats","category-portada"],"post_mailing_queue_ids":[],"_links":{"self":[{"href":"https:\/\/projectes.xtec.cat\/pfi\/wp-json\/wp\/v2\/posts\/11069","targetHints":{"allow":["GET"]}}],"collection":[{"href":"https:\/\/projectes.xtec.cat\/pfi\/wp-json\/wp\/v2\/posts"}],"about":[{"href":"https:\/\/projectes.xtec.cat\/pfi\/wp-json\/wp\/v2\/types\/post"}],"author":[{"embeddable":true,"href":"https:\/\/projectes.xtec.cat\/pfi\/wp-json\/wp\/v2\/users\/1"}],"replies":[{"embeddable":true,"href":"https:\/\/projectes.xtec.cat\/pfi\/wp-json\/wp\/v2\/comments?post=11069"}],"version-history":[{"count":2,"href":"https:\/\/projectes.xtec.cat\/pfi\/wp-json\/wp\/v2\/posts\/11069\/revisions"}],"predecessor-version":[{"id":11601,"href":"https:\/\/projectes.xtec.cat\/pfi\/wp-json\/wp\/v2\/posts\/11069\/revisions\/11601"}],"wp:attachment":[{"href":"https:\/\/projectes.xtec.cat\/pfi\/wp-json\/wp\/v2\/media?parent=11069"}],"wp:term":[{"taxonomy":"category","embeddable":true,"href":"https:\/\/projectes.xtec.cat\/pfi\/wp-json\/wp\/v2\/categories?post=11069"},{"taxonomy":"post_tag","embeddable":true,"href":"https:\/\/projectes.xtec.cat\/pfi\/wp-json\/wp\/v2\/tags?post=11069"}],"curies":[{"name":"wp","href":"https:\/\/api.w.org\/{rel}","templated":true}]}}