{"id":11072,"date":"2021-02-18T09:35:11","date_gmt":"2021-02-18T08:35:11","guid":{"rendered":"http:\/\/projectes.xtec.cat\/pfi\/?p=11072"},"modified":"2021-02-18T12:41:22","modified_gmt":"2021-02-18T11:41:22","slug":"curs-noves-tecnologies-deficiencia-energetica","status":"publish","type":"post","link":"https:\/\/projectes.xtec.cat\/pfi\/portada\/curs-noves-tecnologies-deficiencia-energetica\/","title":{"rendered":"Curs Noves tecnologies d&#8217;efici\u00e8ncia energ\u00e8tica"},"content":{"rendered":"<div><\/div>\n<div>Recollint les necessitats formatives de les fam\u00edlies\u00a0d&#8217;Electricitat i electr\u00f2nic i Instal\u00b7laci\u00f3 i manteniment (tamb\u00e9 obert a altres famil\u00edes professionals com Fabricaci\u00f3 mec\u00e0nica, Edificaci\u00f3 i obra c\u00edvil,&#8230;)\u00a0 s&#8217;ha organitzat el curs\u00a0 <b>PFI_Noves tecnologies d&#8217;efici\u00e8ncia energ\u00e8tica<\/b> que \u00e9s una formaci\u00f3 adre\u00e7ada al professorat de PFI I FPB per treballar l&#8217;aerotermia dom\u00e8stica i l&#8217;energia solar fotovoltaica.<\/div>\n<div>\n<div><\/div>\n<div><a href=\"https:\/\/aplicacions.gestioeducativa.gencat.cat\/pls\/soloas\/pk_for_mod_ins.p_for_detall_activitat?p_header=Llista%20d%27activitats^pk_for_mod_ins.p_for_cons_activitats?p_tipus_act=AVAL,RGES,ETAA,MODA,GEMO%26p_totes=S%26p_inici=1%26p_excloure_crp_rec=F&amp;p_codi=9000220867&amp;p_curs=2020-2021&amp;p_excloure_crp_rec=F\">Descripci\u00f3 del curs<\/a><\/div>\n<div><a href=\"https:\/\/aplicacions.gestioeducativa.gencat.cat\/pls\/soloas\/pk_for_mod_ins.p_for_cons_activitats?p_any=&amp;p_tipus_act=AVAL,RGES,ETAA,MODA,GEMO,NTEE&amp;p_totes=S\">Enlla\u00e7 a la preinscripci\u00f3<\/a><\/div>\n<div><\/div>\n<div><strong>La data d&#8217;inscripci\u00f3 \u00e9s fins el 28 de febrer.<\/strong><\/div>\n<\/div>\n<div><\/div>\n<div><a href=\"https:\/\/projectes.xtec.cat\/pfi\/wp-content\/uploads\/usu1781\/2021\/02\/aerotermia2.png\"><img loading=\"lazy\" decoding=\"async\" class=\"wp-image-11075 aligncenter\" src=\"https:\/\/projectes.xtec.cat\/pfi\/wp-content\/uploads\/usu1781\/2021\/02\/aerotermia2.png\" alt=\"\" width=\"153\" height=\"146\" \/>#pfiCAT #impulsFP<\/a><\/div>\n","protected":false},"excerpt":{"rendered":"<p>Recollint les necessitats formatives de les fam\u00edlies\u00a0d&#8217;Electricitat i electr\u00f2nic i Instal\u00b7laci\u00f3 i manteniment (tamb\u00e9 obert a altres famil\u00edes professionals com Fabricaci\u00f3 mec\u00e0nica, Edificaci\u00f3 i obra c\u00edvil,&#8230;)\u00a0 s&#8217;ha organitzat el curs\u00a0 PFI_Noves tecnologies d&#8217;efici\u00e8ncia energ\u00e8tica que \u00e9s una formaci\u00f3 adre\u00e7ada al professorat de PFI I FPB&hellip;  <a href=\"https:\/\/projectes.xtec.cat\/pfi\/portada\/curs-noves-tecnologies-deficiencia-energetica\/\" title=\"Read Curs Noves tecnologies d&#8217;efici\u00e8ncia energ\u00e8tica\">Llegeix m\u00e9s\u00bb<\/a><\/p>\n","protected":false},"author":4,"featured_media":11073,"comment_status":"open","ping_status":"closed","sticky":false,"template":"","format":"standard","meta":{"_bbp_topic_count":0,"_bbp_reply_count":0,"_bbp_total_topic_count":0,"_bbp_total_reply_count":0,"_bbp_voice_count":0,"_bbp_anonymous_reply_count":0,"_bbp_topic_count_hidden":0,"_bbp_reply_count_hidden":0,"_bbp_forum_subforum_count":0,"footnotes":""},"categories":[154,29],"tags":[],"class_list":["post-11072","post","type-post","status-publish","format-standard","has-post-thumbnail","hentry","category-formacio","category-portada"],"post_mailing_queue_ids":[],"_links":{"self":[{"href":"https:\/\/projectes.xtec.cat\/pfi\/wp-json\/wp\/v2\/posts\/11072","targetHints":{"allow":["GET"]}}],"collection":[{"href":"https:\/\/projectes.xtec.cat\/pfi\/wp-json\/wp\/v2\/posts"}],"about":[{"href":"https:\/\/projectes.xtec.cat\/pfi\/wp-json\/wp\/v2\/types\/post"}],"author":[{"embeddable":true,"href":"https:\/\/projectes.xtec.cat\/pfi\/wp-json\/wp\/v2\/users\/4"}],"replies":[{"embeddable":true,"href":"https:\/\/projectes.xtec.cat\/pfi\/wp-json\/wp\/v2\/comments?post=11072"}],"version-history":[{"count":3,"href":"https:\/\/projectes.xtec.cat\/pfi\/wp-json\/wp\/v2\/posts\/11072\/revisions"}],"predecessor-version":[{"id":11080,"href":"https:\/\/projectes.xtec.cat\/pfi\/wp-json\/wp\/v2\/posts\/11072\/revisions\/11080"}],"wp:featuredmedia":[{"embeddable":true,"href":"https:\/\/projectes.xtec.cat\/pfi\/wp-json\/wp\/v2\/media\/11073"}],"wp:attachment":[{"href":"https:\/\/projectes.xtec.cat\/pfi\/wp-json\/wp\/v2\/media?parent=11072"}],"wp:term":[{"taxonomy":"category","embeddable":true,"href":"https:\/\/projectes.xtec.cat\/pfi\/wp-json\/wp\/v2\/categories?post=11072"},{"taxonomy":"post_tag","embeddable":true,"href":"https:\/\/projectes.xtec.cat\/pfi\/wp-json\/wp\/v2\/tags?post=11072"}],"curies":[{"name":"wp","href":"https:\/\/api.w.org\/{rel}","templated":true}]}}