{"id":11133,"date":"2021-02-24T14:58:37","date_gmt":"2021-02-24T13:58:37","guid":{"rendered":"http:\/\/projectes.xtec.cat\/pfi\/?p=11133"},"modified":"2021-02-24T20:27:01","modified_gmt":"2021-02-24T19:27:01","slug":"materials-per-treballar-la-sexualitat-i-afectivitat-a-ladolescencia","status":"publish","type":"post","link":"https:\/\/projectes.xtec.cat\/pfi\/general\/materials-per-treballar-la-sexualitat-i-afectivitat-a-ladolescencia\/","title":{"rendered":"Materials per treballar la sexualitat i l&#8217;afectivitat a l&#8217;adolesc\u00e8ncia"},"content":{"rendered":"<p>Us compartim l&#8217;activitat d&#8217;autoconeixement de la <em><strong>Roda de la sexualitat i afectivitat<\/strong>. \u00c9s una manera \u00fatil i potent d&#8217;abordar la tem\u00e0tica amb el grup-classe.\u00a0<\/em><\/p>\n<p>Es tracta d&#8217;una gr\u00e0fica amb diferents temes relacionats amb la sexualitat i l&#8217;afectivitat que l&#8217;alumnat ha de pintar segons com els valori. Permet percebre amb un cop d\u2019ull all\u00f2 que li interessa. \u00c9s una eina simple, per\u00f2 a la vegada molt gr\u00e0fica i potent.<\/p>\n<p>Endavant PFI!<\/p>\n<p><a href=\"https:\/\/drive.google.com\/file\/d\/13SzvZAZNQnFpcrDa2S1eFImGHcHTAWY6\/view\">Enlla\u00e7 a l&#8217;activitat<\/a><\/p>\n<p>(materials creats pel Grup de Treball PFI)<\/p>\n<p>#impulsFP #pfiCAT<\/p>\n","protected":false},"excerpt":{"rendered":"<p>Us compartim l&#8217;activitat d&#8217;autoconeixement de la Roda de la sexualitat i afectivitat. \u00c9s una manera \u00fatil i potent d&#8217;abordar la tem\u00e0tica amb el grup-classe.\u00a0<br \/>\nEs tracta d&#8217;una gr\u00e0fica amb diferents temes relacionats amb la sexualitat i l&#8217;afectivitat que l&#8217;alumnat ha de pintar segons com els valori.&hellip;  <a href=\"https:\/\/projectes.xtec.cat\/pfi\/general\/materials-per-treballar-la-sexualitat-i-afectivitat-a-ladolescencia\/\" title=\"Read Materials per treballar la sexualitat i l&#8217;afectivitat a l&#8217;adolesc\u00e8ncia\">Llegeix m\u00e9s\u00bb<\/a><\/p>\n","protected":false},"author":4,"featured_media":11134,"comment_status":"open","ping_status":"closed","sticky":false,"template":"","format":"standard","meta":{"_bbp_topic_count":0,"_bbp_reply_count":0,"_bbp_total_topic_count":0,"_bbp_total_reply_count":0,"_bbp_voice_count":0,"_bbp_anonymous_reply_count":0,"_bbp_topic_count_hidden":0,"_bbp_reply_count_hidden":0,"_bbp_forum_subforum_count":0,"footnotes":""},"categories":[380,1,29],"tags":[],"class_list":["post-11133","post","type-post","status-publish","format-standard","has-post-thumbnail","hentry","category-coed-i-igualtat","category-general","category-portada"],"post_mailing_queue_ids":[],"_links":{"self":[{"href":"https:\/\/projectes.xtec.cat\/pfi\/wp-json\/wp\/v2\/posts\/11133","targetHints":{"allow":["GET"]}}],"collection":[{"href":"https:\/\/projectes.xtec.cat\/pfi\/wp-json\/wp\/v2\/posts"}],"about":[{"href":"https:\/\/projectes.xtec.cat\/pfi\/wp-json\/wp\/v2\/types\/post"}],"author":[{"embeddable":true,"href":"https:\/\/projectes.xtec.cat\/pfi\/wp-json\/wp\/v2\/users\/4"}],"replies":[{"embeddable":true,"href":"https:\/\/projectes.xtec.cat\/pfi\/wp-json\/wp\/v2\/comments?post=11133"}],"version-history":[{"count":3,"href":"https:\/\/projectes.xtec.cat\/pfi\/wp-json\/wp\/v2\/posts\/11133\/revisions"}],"predecessor-version":[{"id":11139,"href":"https:\/\/projectes.xtec.cat\/pfi\/wp-json\/wp\/v2\/posts\/11133\/revisions\/11139"}],"wp:featuredmedia":[{"embeddable":true,"href":"https:\/\/projectes.xtec.cat\/pfi\/wp-json\/wp\/v2\/media\/11134"}],"wp:attachment":[{"href":"https:\/\/projectes.xtec.cat\/pfi\/wp-json\/wp\/v2\/media?parent=11133"}],"wp:term":[{"taxonomy":"category","embeddable":true,"href":"https:\/\/projectes.xtec.cat\/pfi\/wp-json\/wp\/v2\/categories?post=11133"},{"taxonomy":"post_tag","embeddable":true,"href":"https:\/\/projectes.xtec.cat\/pfi\/wp-json\/wp\/v2\/tags?post=11133"}],"curies":[{"name":"wp","href":"https:\/\/api.w.org\/{rel}","templated":true}]}}