{"id":11431,"date":"2021-04-15T12:21:05","date_gmt":"2021-04-15T10:21:05","guid":{"rendered":"http:\/\/projectes.xtec.cat\/pfi\/?p=11431"},"modified":"2021-04-15T12:22:18","modified_gmt":"2021-04-15T10:22:18","slug":"lalumnat-del-pfi-ptt-de-vilafranca-del-penedes-lliura-bicicletes-recuperades-en-el-marc-del-projecte-vilabicis-solidaries-a-la-cooperativa-diniciativa-social-actua-i-al-p","status":"publish","type":"post","link":"https:\/\/projectes.xtec.cat\/pfi\/general\/lalumnat-del-pfi-ptt-de-vilafranca-del-penedes-lliura-bicicletes-recuperades-en-el-marc-del-projecte-vilabicis-solidaries-a-la-cooperativa-diniciativa-social-actua-i-al-p\/","title":{"rendered":"PFI-PTT Vilafranca, lliura bicicletes recuperades"},"content":{"rendered":"<p>L\u2019alumnat de l\u2019especialitat Auxiliar de fabricaci\u00f3 mec\u00e0nica del Programa de Formaci\u00f3 i Inserci\u00f3 (PFI) \u2013 Pla de Transici\u00f3 al Treball (PTT) de Vilafranca va endegar durant el curs 2017-2018 el projecte pedag\u00f2gic Vilabicis Solid\u00e0ries que utilitza la bicicleta com a eix transversal per treballar diversos aspectes mediambientals, socials i metodol\u00f2gics \u00a0i s\u2019incorporen\u00a0 valors com\u00a0 la utilitat social, la dimensi\u00f3 \u00e8tica del coneixement i l\u2019apropament dels joves al m\u00f3n laboral mitjan\u00e7ant processos de simulaci\u00f3 d\u2019empresa. Vilabicis Solid\u00e0ries recupera bicicletes en des\u00fas donades desinteressadament per particulars, les repara i les dona a cooperatives d\u2019iniciativa social que les cediran a persones amb dificultats de transport per arribar al seu lloc de treball o centre de formaci\u00f3. Per les tasques de pintura, Vilabicis Solid\u00e0ries, compta amb la col\u00b7laboraci\u00f3 dels alumnes del PFI \u2013 FIAP Auxiliar de pintura.<\/p>\n<p>Tamb\u00e9 s\u2019ha realitzat el lliurament de sis bicicletes recuperades a la cooperativa d\u2019iniciativa social ACTUA que gestiona serveis d\u2019atenci\u00f3 a les inf\u00e0ncies i adolesc\u00e8ncies en risc d\u2019exclusi\u00f3. Aquestes bicicletes es destinaran a facilitar la mobilitat dels joves.<\/p>\n<p>El lliurament dels vehicles va estar a c\u00e0rrec dels alumnes responsables dels departaments de coordinaci\u00f3, comunicaci\u00f3 i log\u00edstica de Vilabicis Solid\u00e0ries, David Toro, Eloi Gallardo i Mohamed El Kadi, amb la participaci\u00f3 del director de l\u2019Institut Alt Pened\u00e8s, Carlos Rull, la Monitora d\u2019educaci\u00f3 vi\u00e0ria de la policia local, Bego\u00f1a Mart\u00ednez, i Diego Mu\u00f1oz, responsable de l\u2019\u00e0rea t\u00e8cnica d\u2019ACTUA.<\/p>\n<p>L\u2019acte de lliurament va tenir lloc el 26 de mar\u00e7 a l\u2019Institut Alt Pened\u00e8s, es va realitzat a peu dret i a l\u2019aire lliure respectant les mesures de prevenci\u00f3 davant la Covid-19. El director de l\u2019Institut Alt Pened\u00e8s, Carlos Rull, ha destacat que el projecte \u201cs\u2019escau perfectament als objectius de sostenibilitat del centre com a escola verda i promou valors solidaris\u201d. Per la seva part, Bego\u00f1a Mart\u00ednez, en representaci\u00f3 de la Policia Local de Vilafranca, i Diego Mu\u00f1oz, d\u2019ACTUA, \u00a0han agra\u00eft la tasca feta als joves del PFI-PTT que han treballat posant les bicicletes en forma per tal que tinguin un altre vida.<\/p>\n<p>Vilafranca del Pened\u00e8s,\u00a0 26 de mar\u00e7 de 2021<\/p>\n<p><a href=\"https:\/\/projectes.xtec.cat\/pfi\/wp-content\/uploads\/usu1781\/2021\/04\/Lliurament_Vilabicis-300x225.jpg\"><img loading=\"lazy\" decoding=\"async\" class=\"size-full wp-image-11432\" src=\"https:\/\/projectes.xtec.cat\/pfi\/wp-content\/uploads\/usu1781\/2021\/04\/Lliurament_Vilabicis-300x225.jpg\" alt=\"\" width=\"300\" height=\"225\" srcset=\"https:\/\/projectes.xtec.cat\/pfi\/wp-content\/uploads\/usu1781\/2021\/04\/Lliurament_Vilabicis-300x225.jpg 300w, https:\/\/projectes.xtec.cat\/pfi\/wp-content\/uploads\/usu1781\/2021\/04\/Lliurament_Vilabicis-300x225-200x150.jpg 200w\" sizes=\"auto, (max-width: 300px) 100vw, 300px\" \/><\/a><\/p>\n<p>#pfiCAT #impulsFP<\/p>\n","protected":false},"excerpt":{"rendered":"<p>L\u2019alumnat de l\u2019especialitat Auxiliar de fabricaci\u00f3 mec\u00e0nica del Programa de Formaci\u00f3 i Inserci\u00f3 (PFI) \u2013 Pla de Transici\u00f3 al Treball (PTT) de Vilafranca va endegar durant el curs 2017-2018 el projecte pedag\u00f2gic Vilabicis Solid\u00e0ries que utilitza la bicicleta com a eix transversal per treballar diversos&hellip;  <a href=\"https:\/\/projectes.xtec.cat\/pfi\/general\/lalumnat-del-pfi-ptt-de-vilafranca-del-penedes-lliura-bicicletes-recuperades-en-el-marc-del-projecte-vilabicis-solidaries-a-la-cooperativa-diniciativa-social-actua-i-al-p\/\" title=\"Read PFI-PTT Vilafranca, lliura bicicletes recuperades\">Llegeix m\u00e9s\u00bb<\/a><\/p>\n","protected":false},"author":115,"featured_media":11432,"comment_status":"open","ping_status":"closed","sticky":false,"template":"","format":"standard","meta":{"_bbp_topic_count":0,"_bbp_reply_count":0,"_bbp_total_topic_count":0,"_bbp_total_reply_count":0,"_bbp_voice_count":0,"_bbp_anonymous_reply_count":0,"_bbp_topic_count_hidden":0,"_bbp_reply_count_hidden":0,"_bbp_forum_subforum_count":0,"footnotes":""},"categories":[1,29],"tags":[],"class_list":["post-11431","post","type-post","status-publish","format-standard","has-post-thumbnail","hentry","category-general","category-portada"],"post_mailing_queue_ids":[],"_links":{"self":[{"href":"https:\/\/projectes.xtec.cat\/pfi\/wp-json\/wp\/v2\/posts\/11431","targetHints":{"allow":["GET"]}}],"collection":[{"href":"https:\/\/projectes.xtec.cat\/pfi\/wp-json\/wp\/v2\/posts"}],"about":[{"href":"https:\/\/projectes.xtec.cat\/pfi\/wp-json\/wp\/v2\/types\/post"}],"author":[{"embeddable":true,"href":"https:\/\/projectes.xtec.cat\/pfi\/wp-json\/wp\/v2\/users\/115"}],"replies":[{"embeddable":true,"href":"https:\/\/projectes.xtec.cat\/pfi\/wp-json\/wp\/v2\/comments?post=11431"}],"version-history":[{"count":3,"href":"https:\/\/projectes.xtec.cat\/pfi\/wp-json\/wp\/v2\/posts\/11431\/revisions"}],"predecessor-version":[{"id":11508,"href":"https:\/\/projectes.xtec.cat\/pfi\/wp-json\/wp\/v2\/posts\/11431\/revisions\/11508"}],"wp:featuredmedia":[{"embeddable":true,"href":"https:\/\/projectes.xtec.cat\/pfi\/wp-json\/wp\/v2\/media\/11432"}],"wp:attachment":[{"href":"https:\/\/projectes.xtec.cat\/pfi\/wp-json\/wp\/v2\/media?parent=11431"}],"wp:term":[{"taxonomy":"category","embeddable":true,"href":"https:\/\/projectes.xtec.cat\/pfi\/wp-json\/wp\/v2\/categories?post=11431"},{"taxonomy":"post_tag","embeddable":true,"href":"https:\/\/projectes.xtec.cat\/pfi\/wp-json\/wp\/v2\/tags?post=11431"}],"curies":[{"name":"wp","href":"https:\/\/api.w.org\/{rel}","templated":true}]}}