{"id":11445,"date":"2021-04-13T09:58:57","date_gmt":"2021-04-13T07:58:57","guid":{"rendered":"http:\/\/projectes.xtec.cat\/pfi\/?p=11445"},"modified":"2021-04-13T10:34:04","modified_gmt":"2021-04-13T08:34:04","slug":"el-ptt-de-pineda-de-mar-a-les-iv-jornades-dorientacio-de-lalt-maresme","status":"publish","type":"post","link":"https:\/\/projectes.xtec.cat\/pfi\/general\/el-ptt-de-pineda-de-mar-a-les-iv-jornades-dorientacio-de-lalt-maresme\/","title":{"rendered":"El PTT de PINEDA DE MAR a les IV JORNADES D&#8217;ORIENTACI\u00d3 DE L&#8217;ALT MARESME"},"content":{"rendered":"<p>El passat divendres 9 d&#8217;abril de 2021 va tenir lloc \u00a0<strong>IV Jornada d\u2019Orientaci\u00f3 Professional de l\u2019Alt Maresme<\/strong>\u00a0organitzada pel Servei Educatiu a trav\u00e9s del Centre de Recursos pedeg\u00f2gics de l\u2019Alt Maresme.<\/p>\n<p>La jornada va tenir dues parts, una adre\u00e7ada a <strong>persones amb tasques i funcions d&#8217;orientaci\u00f3 educativa<\/strong> i una segona <strong>adre\u00e7ada a l\u2019alumnat<\/strong> i oberta al p\u00fablic en general, mitjan\u00e7ant tres canals de youtube.<\/p>\n<p>El PFI PTT de Pineda de Mar vam participar amb una xerrada i la projecci\u00f3 d&#8217;un v\u00eddeo promocional dels perfils professionals d&#8217;Aux en muntatges d&#8217;instal\u00b7lacions el\u00e8ctriques d&#8217;aigua i gas i d&#8217;Aux de vendes, oficina i atenci\u00f3 al p\u00fablic, respect\u00edvament.<\/p>\n<p><a href=\"https:\/\/drive.google.com\/file\/d\/1aH7kNA7vdX2E7iopF7bB5YLIvqcv87QP\/view?usp=sharing\">V\u00eddeo promocional Curs Aux en muntatges<\/a><\/p>\n<p><a href=\"https:\/\/drive.google.com\/file\/d\/1vF2vFAnzIIO_WtoMUgEld8jNBzCqVhrE\/view?usp=sharing\">V\u00eddeo promocional Curs Aux de vendes<\/a><\/p>\n<p>#pfiCAT #impulsFP<\/p>\n","protected":false},"excerpt":{"rendered":"<p>El PTT de PINEDA DE MAR a les IV JORNADES D&#8217;ORIENTACI\u00d3 DE L&#8217;ALT MARESME. 9 d&#8217;abril 2021.&hellip;  <a href=\"https:\/\/projectes.xtec.cat\/pfi\/general\/el-ptt-de-pineda-de-mar-a-les-iv-jornades-dorientacio-de-lalt-maresme\/\" title=\"Read El PTT de PINEDA DE MAR a les IV JORNADES D&#8217;ORIENTACI\u00d3 DE L&#8217;ALT MARESME\">Llegeix m\u00e9s\u00bb<\/a><\/p>\n","protected":false},"author":66,"featured_media":11446,"comment_status":"open","ping_status":"closed","sticky":false,"template":"","format":"standard","meta":{"_bbp_topic_count":0,"_bbp_reply_count":0,"_bbp_total_topic_count":0,"_bbp_total_reply_count":0,"_bbp_voice_count":0,"_bbp_anonymous_reply_count":0,"_bbp_topic_count_hidden":0,"_bbp_reply_count_hidden":0,"_bbp_forum_subforum_count":0,"footnotes":""},"categories":[1,29],"tags":[],"class_list":["post-11445","post","type-post","status-publish","format-standard","has-post-thumbnail","hentry","category-general","category-portada"],"post_mailing_queue_ids":[],"_links":{"self":[{"href":"https:\/\/projectes.xtec.cat\/pfi\/wp-json\/wp\/v2\/posts\/11445","targetHints":{"allow":["GET"]}}],"collection":[{"href":"https:\/\/projectes.xtec.cat\/pfi\/wp-json\/wp\/v2\/posts"}],"about":[{"href":"https:\/\/projectes.xtec.cat\/pfi\/wp-json\/wp\/v2\/types\/post"}],"author":[{"embeddable":true,"href":"https:\/\/projectes.xtec.cat\/pfi\/wp-json\/wp\/v2\/users\/66"}],"replies":[{"embeddable":true,"href":"https:\/\/projectes.xtec.cat\/pfi\/wp-json\/wp\/v2\/comments?post=11445"}],"version-history":[{"count":3,"href":"https:\/\/projectes.xtec.cat\/pfi\/wp-json\/wp\/v2\/posts\/11445\/revisions"}],"predecessor-version":[{"id":11450,"href":"https:\/\/projectes.xtec.cat\/pfi\/wp-json\/wp\/v2\/posts\/11445\/revisions\/11450"}],"wp:featuredmedia":[{"embeddable":true,"href":"https:\/\/projectes.xtec.cat\/pfi\/wp-json\/wp\/v2\/media\/11446"}],"wp:attachment":[{"href":"https:\/\/projectes.xtec.cat\/pfi\/wp-json\/wp\/v2\/media?parent=11445"}],"wp:term":[{"taxonomy":"category","embeddable":true,"href":"https:\/\/projectes.xtec.cat\/pfi\/wp-json\/wp\/v2\/categories?post=11445"},{"taxonomy":"post_tag","embeddable":true,"href":"https:\/\/projectes.xtec.cat\/pfi\/wp-json\/wp\/v2\/tags?post=11445"}],"curies":[{"name":"wp","href":"https:\/\/api.w.org\/{rel}","templated":true}]}}