{"id":11515,"date":"2021-04-20T09:35:12","date_gmt":"2021-04-20T07:35:12","guid":{"rendered":"http:\/\/projectes.xtec.cat\/pfi\/?p=11515"},"modified":"2021-04-20T09:35:56","modified_gmt":"2021-04-20T07:35:56","slug":"xerrada-luis-de-frutos-als-alumnes-del-ptt-de-vendes-manresa","status":"publish","type":"post","link":"https:\/\/projectes.xtec.cat\/pfi\/general\/xerrada-luis-de-frutos-als-alumnes-del-ptt-de-vendes-manresa\/","title":{"rendered":"Xerrada Luis de Frutos als alumnes del PTT de vendes Manresa"},"content":{"rendered":"<p>El dilluns dia 12 d&#8217;abril, l&#8217;alumnat del Pla de Transici\u00f3 al Treball Manresa, del perfil de<br \/>\nVendes i atenci\u00f3 al p\u00fablic, van rebre la xerrada de Luis de Frutos, locutor de l&#8217;emissora de<br \/>\nr\u00e0dio, Styl FM, speaker del BAXI MANRESA, influencer, comercial, deejay, i productor<br \/>\noriginal de Manresa.<\/p>\n<p>Luis va explicar als joves la seva traject\u00f2ria professional: com havien estat els seus inicis al<br \/>\nm\u00f3n de la r\u00e0dio i de la m\u00fasica, la seva feina com a comercial, el poder de les xarxes<br \/>\nsocials&#8230;tractant temes relacionats amb els continguts dels m\u00f2duls que estudien els<br \/>\nalumnes.<\/p>\n<p>La xerrada, que va tenir lloc a l&#8217;aula dels alumnes ubicada al CIO (Centre d&#8217;Iniciatives per<br \/>\nl&#8217;Ocupaci\u00f3 de l&#8217;Ajuntament de Manresa), va ser molt distesa, ja que Luis va exposar moltes<br \/>\nan\u00e8cdotes i fins i tot alguna prim\u00edcia relacionada amb el panorama musical.<\/p>\n<p><a href=\"https:\/\/projectes.xtec.cat\/pfi\/wp-content\/uploads\/usu1781\/2021\/04\/xerrada-luis-frutos-2-1.jpeg\"><img loading=\"lazy\" decoding=\"async\" class=\"alignnone wp-image-11518\" src=\"https:\/\/projectes.xtec.cat\/pfi\/wp-content\/uploads\/usu1781\/2021\/04\/xerrada-luis-frutos-2-1-1024x576.jpeg\" alt=\"\" width=\"374\" height=\"211\" srcset=\"https:\/\/projectes.xtec.cat\/pfi\/wp-content\/uploads\/usu1781\/2021\/04\/xerrada-luis-frutos-2-1-1024x576.jpeg 1024w, https:\/\/projectes.xtec.cat\/pfi\/wp-content\/uploads\/usu1781\/2021\/04\/xerrada-luis-frutos-2-1-300x169.jpeg 300w, https:\/\/projectes.xtec.cat\/pfi\/wp-content\/uploads\/usu1781\/2021\/04\/xerrada-luis-frutos-2-1-768x432.jpeg 768w, https:\/\/projectes.xtec.cat\/pfi\/wp-content\/uploads\/usu1781\/2021\/04\/xerrada-luis-frutos-2-1.jpeg 2000w\" sizes=\"auto, (max-width: 374px) 100vw, 374px\" \/>\u00a0\u00a0 <\/a><a href=\"https:\/\/projectes.xtec.cat\/pfi\/wp-content\/uploads\/usu1781\/2021\/04\/xerrada-luis-frutos-1.jpeg\"><img loading=\"lazy\" decoding=\"async\" class=\"alignnone wp-image-11519\" src=\"https:\/\/projectes.xtec.cat\/pfi\/wp-content\/uploads\/usu1781\/2021\/04\/xerrada-luis-frutos-1-1024x768.jpeg\" alt=\"\" width=\"281\" height=\"211\" srcset=\"https:\/\/projectes.xtec.cat\/pfi\/wp-content\/uploads\/usu1781\/2021\/04\/xerrada-luis-frutos-1-1024x768.jpeg 1024w, https:\/\/projectes.xtec.cat\/pfi\/wp-content\/uploads\/usu1781\/2021\/04\/xerrada-luis-frutos-1-300x225.jpeg 300w, https:\/\/projectes.xtec.cat\/pfi\/wp-content\/uploads\/usu1781\/2021\/04\/xerrada-luis-frutos-1-768x576.jpeg 768w, https:\/\/projectes.xtec.cat\/pfi\/wp-content\/uploads\/usu1781\/2021\/04\/xerrada-luis-frutos-1-200x150.jpeg 200w, https:\/\/projectes.xtec.cat\/pfi\/wp-content\/uploads\/usu1781\/2021\/04\/xerrada-luis-frutos-1.jpeg 1416w\" sizes=\"auto, (max-width: 281px) 100vw, 281px\" \/><\/a><\/p>\n<p>#pfiCAT #impulsFP<\/p>\n","protected":false},"excerpt":{"rendered":"<p>El dilluns dia 12 d&#8217;abril, l&#8217;alumnat del Pla de Transici\u00f3 al Treball Manresa, del perfil de<br \/>\nVendes i atenci\u00f3 al p\u00fablic, van rebre la xerrada de Luis de Frutos, locutor de l&#8217;emissora de<br \/>\nr\u00e0dio, Styl FM, speaker del BAXI MANRESA, influencer, comercial, deejay, i productor<br \/>\noriginal de Manresa.<br \/>\nLuis&hellip;  <a href=\"https:\/\/projectes.xtec.cat\/pfi\/general\/xerrada-luis-de-frutos-als-alumnes-del-ptt-de-vendes-manresa\/\" title=\"Read Xerrada Luis de Frutos als alumnes del PTT de vendes Manresa\">Llegeix m\u00e9s\u00bb<\/a><\/p>\n","protected":false},"author":87,"featured_media":11519,"comment_status":"open","ping_status":"closed","sticky":false,"template":"","format":"standard","meta":{"_bbp_topic_count":0,"_bbp_reply_count":0,"_bbp_total_topic_count":0,"_bbp_total_reply_count":0,"_bbp_voice_count":0,"_bbp_anonymous_reply_count":0,"_bbp_topic_count_hidden":0,"_bbp_reply_count_hidden":0,"_bbp_forum_subforum_count":0,"footnotes":""},"categories":[1,29],"tags":[385,372,396,400],"class_list":["post-11515","post","type-post","status-publish","format-standard","has-post-thumbnail","hentry","category-general","category-portada","tag-alumnes","tag-compartir-experiencies","tag-vendes","tag-visites"],"post_mailing_queue_ids":[],"_links":{"self":[{"href":"https:\/\/projectes.xtec.cat\/pfi\/wp-json\/wp\/v2\/posts\/11515","targetHints":{"allow":["GET"]}}],"collection":[{"href":"https:\/\/projectes.xtec.cat\/pfi\/wp-json\/wp\/v2\/posts"}],"about":[{"href":"https:\/\/projectes.xtec.cat\/pfi\/wp-json\/wp\/v2\/types\/post"}],"author":[{"embeddable":true,"href":"https:\/\/projectes.xtec.cat\/pfi\/wp-json\/wp\/v2\/users\/87"}],"replies":[{"embeddable":true,"href":"https:\/\/projectes.xtec.cat\/pfi\/wp-json\/wp\/v2\/comments?post=11515"}],"version-history":[{"count":3,"href":"https:\/\/projectes.xtec.cat\/pfi\/wp-json\/wp\/v2\/posts\/11515\/revisions"}],"predecessor-version":[{"id":11542,"href":"https:\/\/projectes.xtec.cat\/pfi\/wp-json\/wp\/v2\/posts\/11515\/revisions\/11542"}],"wp:featuredmedia":[{"embeddable":true,"href":"https:\/\/projectes.xtec.cat\/pfi\/wp-json\/wp\/v2\/media\/11519"}],"wp:attachment":[{"href":"https:\/\/projectes.xtec.cat\/pfi\/wp-json\/wp\/v2\/media?parent=11515"}],"wp:term":[{"taxonomy":"category","embeddable":true,"href":"https:\/\/projectes.xtec.cat\/pfi\/wp-json\/wp\/v2\/categories?post=11515"},{"taxonomy":"post_tag","embeddable":true,"href":"https:\/\/projectes.xtec.cat\/pfi\/wp-json\/wp\/v2\/tags?post=11515"}],"curies":[{"name":"wp","href":"https:\/\/api.w.org\/{rel}","templated":true}]}}