{"id":11555,"date":"2021-04-22T11:03:24","date_gmt":"2021-04-22T09:03:24","guid":{"rendered":"http:\/\/projectes.xtec.cat\/pfi\/?p=11555"},"modified":"2021-04-27T09:50:10","modified_gmt":"2021-04-27T07:50:10","slug":"connexio-en-directe-amb-lempresa-per-que-la-prl-es-important","status":"publish","type":"post","link":"https:\/\/projectes.xtec.cat\/pfi\/general\/connexio-en-directe-amb-lempresa-per-que-la-prl-es-important\/","title":{"rendered":"Connexi\u00f3 en directe amb l&#8217;empresa: Per qu\u00e8 la PRL \u00e9s important?"},"content":{"rendered":"<p>M\u00e9s de 50 alumnes de 3 centres es van connectar el passat dimecres 21 d\u2019abril a la cinquena connexi\u00f3 en directe dintre de les activitats del banc de recursos <a href=\"https:\/\/sites.google.com\/xtec.cat\/connectatalempresa\/connectat-a-lempresa\/connexions-en-directe?authuser=0\">Connecta\u2019t a l\u2019empresa<\/a>.<\/p>\n<p>L&#8217;Elena Ferre\u00f1o, t\u00e8cnica de prevenci\u00f3 de la Mancomunitat Sanit\u00e0ria de Prevenci\u00f3, durant 1 hora va tractar el tema de\u00a0<strong>Per qu\u00e8 la Prevenci\u00f3 de riscos laborals \u00e9s important per les empreses?\u00a0 <\/strong>La sessi\u00f3 va ser molt participativa i amena!<\/p>\n<p>Les connexi\u00f3 en directe amb l&#8217;empresa s\u00f3n d&#8217;una hora de duraci\u00f3 i les trobareu enregistrades a site <a href=\"https:\/\/sites.google.com\/xtec.cat\/connectatalempresa\/connectat-a-lempresa\/connexions-en-directe?authuser=0\">Connecta\u2019t a l\u2019empresa.<\/a><\/p>\n<p>#pfiCAT #impulsFP<\/p>\n","protected":false},"excerpt":{"rendered":"<p>M\u00e9s de 50 alumnes de 3 centres es van connectar el passat dimecres 21 d\u2019abril a la cinquena connexi\u00f3 en directe dintre de les activitats del banc de recursos <a href=\"https:\/\/sites.google.com\/xtec.cat\/connectatalempresa\/connectat-a-lempresa\/connexions-en-directe?authuser=0\">Connecta\u2019t a l\u2019empresa<\/a>.<br \/>\nL&#8217;Elena Ferre\u00f1o, t\u00e8cnica de prevenci\u00f3 de la Mancomunitat Sanit\u00e0ria de Prevenci\u00f3, durant 1&hellip;  <a href=\"https:\/\/projectes.xtec.cat\/pfi\/general\/connexio-en-directe-amb-lempresa-per-que-la-prl-es-important\/\" title=\"Read Connexi\u00f3 en directe amb l&#8217;empresa: Per qu\u00e8 la PRL \u00e9s important?\">Llegeix m\u00e9s\u00bb<\/a><\/p>\n","protected":false},"author":1,"featured_media":11556,"comment_status":"open","ping_status":"closed","sticky":false,"template":"","format":"standard","meta":{"_bbp_topic_count":0,"_bbp_reply_count":0,"_bbp_total_topic_count":0,"_bbp_total_reply_count":0,"_bbp_voice_count":0,"_bbp_anonymous_reply_count":0,"_bbp_topic_count_hidden":0,"_bbp_reply_count_hidden":0,"_bbp_forum_subforum_count":0,"footnotes":""},"categories":[1,29,76],"tags":[],"class_list":["post-11555","post","type-post","status-publish","format-standard","has-post-thumbnail","hentry","category-general","category-portada","category-recursos"],"post_mailing_queue_ids":[],"_links":{"self":[{"href":"https:\/\/projectes.xtec.cat\/pfi\/wp-json\/wp\/v2\/posts\/11555","targetHints":{"allow":["GET"]}}],"collection":[{"href":"https:\/\/projectes.xtec.cat\/pfi\/wp-json\/wp\/v2\/posts"}],"about":[{"href":"https:\/\/projectes.xtec.cat\/pfi\/wp-json\/wp\/v2\/types\/post"}],"author":[{"embeddable":true,"href":"https:\/\/projectes.xtec.cat\/pfi\/wp-json\/wp\/v2\/users\/1"}],"replies":[{"embeddable":true,"href":"https:\/\/projectes.xtec.cat\/pfi\/wp-json\/wp\/v2\/comments?post=11555"}],"version-history":[{"count":1,"href":"https:\/\/projectes.xtec.cat\/pfi\/wp-json\/wp\/v2\/posts\/11555\/revisions"}],"predecessor-version":[{"id":11571,"href":"https:\/\/projectes.xtec.cat\/pfi\/wp-json\/wp\/v2\/posts\/11555\/revisions\/11571"}],"wp:featuredmedia":[{"embeddable":true,"href":"https:\/\/projectes.xtec.cat\/pfi\/wp-json\/wp\/v2\/media\/11556"}],"wp:attachment":[{"href":"https:\/\/projectes.xtec.cat\/pfi\/wp-json\/wp\/v2\/media?parent=11555"}],"wp:term":[{"taxonomy":"category","embeddable":true,"href":"https:\/\/projectes.xtec.cat\/pfi\/wp-json\/wp\/v2\/categories?post=11555"},{"taxonomy":"post_tag","embeddable":true,"href":"https:\/\/projectes.xtec.cat\/pfi\/wp-json\/wp\/v2\/tags?post=11555"}],"curies":[{"name":"wp","href":"https:\/\/api.w.org\/{rel}","templated":true}]}}