{"id":11580,"date":"2021-04-23T11:03:33","date_gmt":"2021-04-23T09:03:33","guid":{"rendered":"http:\/\/projectes.xtec.cat\/pfi\/?p=11580"},"modified":"2021-04-23T11:03:33","modified_gmt":"2021-04-23T09:03:33","slug":"els-protagonistes-del-pfi-4","status":"publish","type":"post","link":"https:\/\/projectes.xtec.cat\/pfi\/general\/els-protagonistes-del-pfi-4\/","title":{"rendered":"Els protagonistes del PFI"},"content":{"rendered":"<p><a href=\"https:\/\/projectes.xtec.cat\/pfi\/wp-content\/uploads\/usu1781\/2021\/04\/WhatsApp-Image-2021-04-13-at-10.16.51.jpeg\"><img loading=\"lazy\" decoding=\"async\" class=\"wp-image-11582 size-medium alignnone\" src=\"https:\/\/projectes.xtec.cat\/pfi\/wp-content\/uploads\/usu1781\/2021\/04\/WhatsApp-Image-2021-04-13-at-10.16.51-300x300.jpeg\" alt=\"\" width=\"300\" height=\"300\" srcset=\"https:\/\/projectes.xtec.cat\/pfi\/wp-content\/uploads\/usu1781\/2021\/04\/WhatsApp-Image-2021-04-13-at-10.16.51-300x300.jpeg 300w, https:\/\/projectes.xtec.cat\/pfi\/wp-content\/uploads\/usu1781\/2021\/04\/WhatsApp-Image-2021-04-13-at-10.16.51-150x150.jpeg 150w, https:\/\/projectes.xtec.cat\/pfi\/wp-content\/uploads\/usu1781\/2021\/04\/WhatsApp-Image-2021-04-13-at-10.16.51-768x768.jpeg 768w, https:\/\/projectes.xtec.cat\/pfi\/wp-content\/uploads\/usu1781\/2021\/04\/WhatsApp-Image-2021-04-13-at-10.16.51-1024x1024.jpeg 1024w, https:\/\/projectes.xtec.cat\/pfi\/wp-content\/uploads\/usu1781\/2021\/04\/WhatsApp-Image-2021-04-13-at-10.16.51.jpeg 1080w\" sizes=\"auto, (max-width: 300px) 100vw, 300px\" \/><\/a><\/p>\n<p>&#8220;Vinc del m\u00f3n de l&#8217;empresa, on treballava com a programador inform\u00e0tic i sempre m&#8217;havia cridat l&#8217;atenci\u00f3 ser professor i poder ensenyar a m\u00e9s d&#8217;ajudar als joves. Un dia em van trucar per comen\u00e7ar als PFI. Desconeixia els programes, per\u00f2 una vegada vaig entrar em va encantar.. podia fer les dues coses que m\u00e9s m&#8217;agradaven: ensenyar com a professor en un perfil d&#8217;inform\u00e0tica a m\u00e9s d&#8217;ajudar a un tipus d&#8217;alumnat que necessita una segona oportunitat&#8221;. Aquestes s\u00f3n les paraules del Brian, professor dels m\u00f2duls professionals dels PFI.<\/p>\n<p>S&#8217;identifica molt amb els joves, amb vint-i-un anys va ser pare, treballava de taxista i estudiava l&#8217;enginyeria, va ser una \u00e0poca complicada, i l&#8217;esfor\u00e7 i il\u00b7lusi\u00f3 va ajudar-lo a acabar la carrera i treballar a empreses de tota classe,\u00a0 fins i tot arribar a crear una pr\u00f2pia empresa.<\/p>\n<p>D&#8217;aquesta manera \u00e9s presenta, clar i convincent dient a m\u00e9s que una de les coses que m\u00e9s li agrada de ser professor \u00e9s que els grups d&#8217;alumnes de cada edici\u00f3 s\u00f3n com una petita fam\u00edlia, on tots reben i donen ajuda.Els joves del programa venen amb molta for\u00e7a i amb ganes de tirar endavant la seva situaci\u00f3 personal. No es rendeixen i realment s\u00f3n molt i molt v\u00e0lids professionalment.<\/p>\n<p>El Brian dins la seva tasca en el PFI-PTT Viladecans, participa en el projecte Hist\u00f2ries de Vida (HdV), des de fa v\u00e0ries edicions. Ens explica que a l&#8217;inici costa motivar l&#8217;alumnat a participar del projecte, per\u00f2 a mesura que van fent les activitats, l&#8217;alumnat est\u00e0 encantat. Amb la no presencialitat d&#8217;aquesta edici\u00f3, l&#8217;alumnat ha assumit la responsabilitat i la implicaci\u00f3 de les diverses activitats del projecte, i tot i haver passat per alguns moments complexos i cr\u00edtics, s&#8217;ha aconseguit la cohesi\u00f3 del grup i tirar el projecte endavant.<\/p>\n<p>Tots tenim una Hist\u00f2ria de Vida, als PFI ens escoltem i ajudem entre tots i totes!<\/p>\n<p>#pfiCAT #impulsFP<\/p>\n<p>&nbsp;<\/p>\n","protected":false},"excerpt":{"rendered":"<p><a href=\"https:\/\/projectes.xtec.cat\/pfi\/wp-content\/uploads\/usu1781\/2021\/04\/WhatsApp-Image-2021-04-13-at-10.16.51.jpeg\"><\/a><br \/>\n&#8220;Vinc del m\u00f3n de l&#8217;empresa, on treballava com a programador inform\u00e0tic i sempre m&#8217;havia cridat l&#8217;atenci\u00f3 ser professor i poder ensenyar a m\u00e9s d&#8217;ajudar als joves. Un dia em van trucar per comen\u00e7ar als PFI. Desconeixia els programes, per\u00f2 una vegada vaig entrar em&hellip;  <a href=\"https:\/\/projectes.xtec.cat\/pfi\/general\/els-protagonistes-del-pfi-4\/\" title=\"Read Els protagonistes del PFI\">Llegeix m\u00e9s\u00bb<\/a><\/p>\n","protected":false},"author":1,"featured_media":11582,"comment_status":"open","ping_status":"closed","sticky":false,"template":"","format":"standard","meta":{"_bbp_topic_count":0,"_bbp_reply_count":0,"_bbp_total_topic_count":0,"_bbp_total_reply_count":0,"_bbp_voice_count":0,"_bbp_anonymous_reply_count":0,"_bbp_topic_count_hidden":0,"_bbp_reply_count_hidden":0,"_bbp_forum_subforum_count":0,"footnotes":""},"categories":[1,373,29],"tags":[],"class_list":["post-11580","post","type-post","status-publish","format-standard","has-post-thumbnail","hentry","category-general","category-histories-de-vida","category-portada"],"post_mailing_queue_ids":[],"_links":{"self":[{"href":"https:\/\/projectes.xtec.cat\/pfi\/wp-json\/wp\/v2\/posts\/11580","targetHints":{"allow":["GET"]}}],"collection":[{"href":"https:\/\/projectes.xtec.cat\/pfi\/wp-json\/wp\/v2\/posts"}],"about":[{"href":"https:\/\/projectes.xtec.cat\/pfi\/wp-json\/wp\/v2\/types\/post"}],"author":[{"embeddable":true,"href":"https:\/\/projectes.xtec.cat\/pfi\/wp-json\/wp\/v2\/users\/1"}],"replies":[{"embeddable":true,"href":"https:\/\/projectes.xtec.cat\/pfi\/wp-json\/wp\/v2\/comments?post=11580"}],"version-history":[{"count":1,"href":"https:\/\/projectes.xtec.cat\/pfi\/wp-json\/wp\/v2\/posts\/11580\/revisions"}],"predecessor-version":[{"id":11583,"href":"https:\/\/projectes.xtec.cat\/pfi\/wp-json\/wp\/v2\/posts\/11580\/revisions\/11583"}],"wp:featuredmedia":[{"embeddable":true,"href":"https:\/\/projectes.xtec.cat\/pfi\/wp-json\/wp\/v2\/media\/11582"}],"wp:attachment":[{"href":"https:\/\/projectes.xtec.cat\/pfi\/wp-json\/wp\/v2\/media?parent=11580"}],"wp:term":[{"taxonomy":"category","embeddable":true,"href":"https:\/\/projectes.xtec.cat\/pfi\/wp-json\/wp\/v2\/categories?post=11580"},{"taxonomy":"post_tag","embeddable":true,"href":"https:\/\/projectes.xtec.cat\/pfi\/wp-json\/wp\/v2\/tags?post=11580"}],"curies":[{"name":"wp","href":"https:\/\/api.w.org\/{rel}","templated":true}]}}