{"id":11643,"date":"2021-04-29T09:15:02","date_gmt":"2021-04-29T07:15:02","guid":{"rendered":"http:\/\/projectes.xtec.cat\/pfi\/?p=11643"},"modified":"2021-05-03T14:23:11","modified_gmt":"2021-05-03T12:23:11","slug":"el-pfi-ins-ramon-turro-de-malgrat-participa-al-projecte-supernano","status":"publish","type":"post","link":"https:\/\/projectes.xtec.cat\/pfi\/general\/el-pfi-ins-ramon-turro-de-malgrat-participa-al-projecte-supernano\/","title":{"rendered":"El PFI INS Ramon Turr\u00f3 de Malgrat participa al projecte Supernano"},"content":{"rendered":"<p><a href=\"https:\/\/projectes.xtec.cat\/pfi\/wp-content\/uploads\/usu1781\/2021\/04\/Supernano-1.jpeg\"><img loading=\"lazy\" decoding=\"async\" class=\"alignleft size-medium wp-image-11644\" src=\"https:\/\/projectes.xtec.cat\/pfi\/wp-content\/uploads\/usu1781\/2021\/04\/Supernano-1-300x225.jpeg\" alt=\"\" width=\"300\" height=\"225\" srcset=\"https:\/\/projectes.xtec.cat\/pfi\/wp-content\/uploads\/usu1781\/2021\/04\/Supernano-1-300x225.jpeg 300w, https:\/\/projectes.xtec.cat\/pfi\/wp-content\/uploads\/usu1781\/2021\/04\/Supernano-1-768x576.jpeg 768w, https:\/\/projectes.xtec.cat\/pfi\/wp-content\/uploads\/usu1781\/2021\/04\/Supernano-1-1024x768.jpeg 1024w, https:\/\/projectes.xtec.cat\/pfi\/wp-content\/uploads\/usu1781\/2021\/04\/Supernano-1-200x150.jpeg 200w, https:\/\/projectes.xtec.cat\/pfi\/wp-content\/uploads\/usu1781\/2021\/04\/Supernano-1.jpeg 2016w\" sizes=\"auto, (max-width: 300px) 100vw, 300px\" \/><\/a>Reptes, reptes i m\u00e9s reptes. Tenim reptes cada dia a l\u2019aula. El primer i un dels m\u00e9s importants \u00e9s motivar els alumnes, crear inter\u00e8s, inter\u00e8s, no ho oblidem&#8230;.inter\u00e8s en temps de pand\u00e8mia amb adolescents que es troben en situacions gens favorables.<\/p>\n<p>Les situacions superen moltes vegades la normalitat m\u00e9s b\u00e0sica.<\/p>\n<p>Com aconseguim crear inter\u00e8s? Com podem treure una estona el nostre alumnat de les seves situacions i que gaudeixin amb nosaltres? Amb projectes.<\/p>\n<p>Supernano ha estat un \u00e8xit. Enrique i Jordi ens han fet gaudir, han arribat a explicar uns coneixements molt interessants d\u2019una manera molt motivadora. Professores i alumnes hem apr\u00e8s i hem gaudit.<\/p>\n<p>Molt\u00edssimes gr\u00e0cies per proposar i crear projectes tant motivadors!!!<\/p>\n<p>#pfiCAT #impulsFP<\/p>\n","protected":false},"excerpt":{"rendered":"<p><a href=\"https:\/\/projectes.xtec.cat\/pfi\/wp-content\/uploads\/usu1781\/2021\/04\/Supernano-1.jpeg\"><\/a>Reptes, reptes i m\u00e9s reptes. Tenim reptes cada dia a l\u2019aula. El primer i un dels m\u00e9s importants \u00e9s motivar els alumnes, crear inter\u00e8s, inter\u00e8s, no ho oblidem&#8230;.inter\u00e8s en temps de pand\u00e8mia amb adolescents que es troben en situacions gens favorables.<br \/>\nLes situacions superen moltes&hellip;  <a href=\"https:\/\/projectes.xtec.cat\/pfi\/general\/el-pfi-ins-ramon-turro-de-malgrat-participa-al-projecte-supernano\/\" title=\"Read El PFI INS Ramon Turr\u00f3 de Malgrat participa al projecte Supernano\">Llegeix m\u00e9s\u00bb<\/a><\/p>\n","protected":false},"author":63,"featured_media":11645,"comment_status":"open","ping_status":"closed","sticky":false,"template":"","format":"standard","meta":{"_bbp_topic_count":0,"_bbp_reply_count":0,"_bbp_total_topic_count":0,"_bbp_total_reply_count":0,"_bbp_voice_count":0,"_bbp_anonymous_reply_count":0,"_bbp_topic_count_hidden":0,"_bbp_reply_count_hidden":0,"_bbp_forum_subforum_count":0,"footnotes":""},"categories":[1,29],"tags":[],"class_list":["post-11643","post","type-post","status-publish","format-standard","has-post-thumbnail","hentry","category-general","category-portada"],"post_mailing_queue_ids":[],"_links":{"self":[{"href":"https:\/\/projectes.xtec.cat\/pfi\/wp-json\/wp\/v2\/posts\/11643","targetHints":{"allow":["GET"]}}],"collection":[{"href":"https:\/\/projectes.xtec.cat\/pfi\/wp-json\/wp\/v2\/posts"}],"about":[{"href":"https:\/\/projectes.xtec.cat\/pfi\/wp-json\/wp\/v2\/types\/post"}],"author":[{"embeddable":true,"href":"https:\/\/projectes.xtec.cat\/pfi\/wp-json\/wp\/v2\/users\/63"}],"replies":[{"embeddable":true,"href":"https:\/\/projectes.xtec.cat\/pfi\/wp-json\/wp\/v2\/comments?post=11643"}],"version-history":[{"count":2,"href":"https:\/\/projectes.xtec.cat\/pfi\/wp-json\/wp\/v2\/posts\/11643\/revisions"}],"predecessor-version":[{"id":11690,"href":"https:\/\/projectes.xtec.cat\/pfi\/wp-json\/wp\/v2\/posts\/11643\/revisions\/11690"}],"wp:featuredmedia":[{"embeddable":true,"href":"https:\/\/projectes.xtec.cat\/pfi\/wp-json\/wp\/v2\/media\/11645"}],"wp:attachment":[{"href":"https:\/\/projectes.xtec.cat\/pfi\/wp-json\/wp\/v2\/media?parent=11643"}],"wp:term":[{"taxonomy":"category","embeddable":true,"href":"https:\/\/projectes.xtec.cat\/pfi\/wp-json\/wp\/v2\/categories?post=11643"},{"taxonomy":"post_tag","embeddable":true,"href":"https:\/\/projectes.xtec.cat\/pfi\/wp-json\/wp\/v2\/tags?post=11643"}],"curies":[{"name":"wp","href":"https:\/\/api.w.org\/{rel}","templated":true}]}}