{"id":11671,"date":"2021-04-28T08:00:15","date_gmt":"2021-04-28T06:00:15","guid":{"rendered":"http:\/\/projectes.xtec.cat\/pfi\/?p=11671"},"modified":"2021-04-27T22:06:25","modified_gmt":"2021-04-27T20:06:25","slug":"premis-impulsfp-el-pfi-ptt-damposta-guanya-el-1er-premi-de-la-modalitat-demprenedoria-pfi","status":"publish","type":"post","link":"https:\/\/projectes.xtec.cat\/pfi\/general\/premis-impulsfp-el-pfi-ptt-damposta-guanya-el-1er-premi-de-la-modalitat-demprenedoria-pfi\/","title":{"rendered":"Premis ImpulsFP. El PFI PTT d&#8217;Amposta guanya el 1er premi de la modalitat d&#8217;emprenedoria PFI"},"content":{"rendered":"<p>El 26 d&#8217;abril va tenir lloc a l&#8217;Institut de l&#8217;Ebre l&#8217;acte de lliurament dels premis de la\u00a0 convocat\u00f2ria territorial dels concurs d&#8217;ImpulsFP. L&#8217;alumnat ,amb el recolzament del professorat , va presentar un projecte emprenedor anomenat \u00abEl somriure \u00e9s meu per\u00f2 el motiu ets tu\u00bb.<\/p>\n<p>Aquest projecte intenta promoure la participaci\u00f3 ciutadana,mitjan\u00e7ant la venda solid\u00e0ria i el lliurament de tota la recaptaci\u00f3 obtinguda a l&#8217;entitat Creu Roja d&#8217;Amposta. Al mateix temps, intenta apropar a l&#8217;alumnat a la realitat empresarial dels perfils professionals que estan cursant.<\/p>\n<p>D&#8217;una banda, l&#8217;alumnat del curs de fabricaci\u00f3 mec\u00e0nica, va fabricar un taulell m\u00f2bil , amb material reciclat , tot posant en pr\u00e0ctica les operacions de fabricaci\u00f3 apreses a l&#8217;aula.<\/p>\n<p>D&#8217;altra banda, l&#8217;alumnat del curs de vendes, va preparar el producte i va organitzar un punt de venda utilitzant el taulell confeccionat pels companys i totes les operacions de comercialitzaci\u00f3 apreses , aix\u00ed com les estrat\u00e8gies d&#8217;atenci\u00f3 al client adients .<\/p>\n<p>Finalment , la recaptaci\u00f3 obtinguda d&#8217;aquesta activitat comercial, va ser lliurada als representants de Creu Roja. El professorat valora molt positivament l&#8217;activitat i n&#8217;est\u00e0 molt satisfet de la implicaci\u00f3 i l&#8217;inter\u00e8s de tot l&#8217;alumnat.<\/p>\n<p><a href=\"https:\/\/projectes.xtec.cat\/pfi\/wp-content\/uploads\/usu1781\/2021\/04\/2021-04-27_220437.jpg\"><img loading=\"lazy\" decoding=\"async\" class=\"aligncenter wp-image-11692 size-full\" src=\"https:\/\/projectes.xtec.cat\/pfi\/wp-content\/uploads\/usu1781\/2021\/04\/2021-04-27_220437.jpg\" alt=\"\" width=\"223\" height=\"165\" \/><\/a><\/p>\n<p>#pfiCAT #impulsFP<\/p>\n<p>&nbsp;<\/p>\n","protected":false},"excerpt":{"rendered":"<p>El 26 d&#8217;abril va tenir lloc a l&#8217;Institut de l&#8217;Ebre l&#8217;acte de lliurament dels premis de la\u00a0 convocat\u00f2ria territorial dels concurs d&#8217;ImpulsFP. L&#8217;alumnat ,amb el recolzament del professorat , va presentar un projecte emprenedor anomenat \u00abEl somriure \u00e9s meu per\u00f2 el motiu ets tu\u00bb.<br \/>\nAquest projecte&hellip;  <a href=\"https:\/\/projectes.xtec.cat\/pfi\/general\/premis-impulsfp-el-pfi-ptt-damposta-guanya-el-1er-premi-de-la-modalitat-demprenedoria-pfi\/\" title=\"Read Premis ImpulsFP. El PFI PTT d&#8217;Amposta guanya el 1er premi de la modalitat d&#8217;emprenedoria PFI\">Llegeix m\u00e9s\u00bb<\/a><\/p>\n","protected":false},"author":134,"featured_media":11692,"comment_status":"open","ping_status":"closed","sticky":false,"template":"","format":"standard","meta":{"_bbp_topic_count":0,"_bbp_reply_count":0,"_bbp_total_topic_count":0,"_bbp_total_reply_count":0,"_bbp_voice_count":0,"_bbp_anonymous_reply_count":0,"_bbp_topic_count_hidden":0,"_bbp_reply_count_hidden":0,"_bbp_forum_subforum_count":0,"footnotes":""},"categories":[1,29],"tags":[],"class_list":["post-11671","post","type-post","status-publish","format-standard","has-post-thumbnail","hentry","category-general","category-portada"],"post_mailing_queue_ids":[],"_links":{"self":[{"href":"https:\/\/projectes.xtec.cat\/pfi\/wp-json\/wp\/v2\/posts\/11671","targetHints":{"allow":["GET"]}}],"collection":[{"href":"https:\/\/projectes.xtec.cat\/pfi\/wp-json\/wp\/v2\/posts"}],"about":[{"href":"https:\/\/projectes.xtec.cat\/pfi\/wp-json\/wp\/v2\/types\/post"}],"author":[{"embeddable":true,"href":"https:\/\/projectes.xtec.cat\/pfi\/wp-json\/wp\/v2\/users\/134"}],"replies":[{"embeddable":true,"href":"https:\/\/projectes.xtec.cat\/pfi\/wp-json\/wp\/v2\/comments?post=11671"}],"version-history":[{"count":3,"href":"https:\/\/projectes.xtec.cat\/pfi\/wp-json\/wp\/v2\/posts\/11671\/revisions"}],"predecessor-version":[{"id":11694,"href":"https:\/\/projectes.xtec.cat\/pfi\/wp-json\/wp\/v2\/posts\/11671\/revisions\/11694"}],"wp:featuredmedia":[{"embeddable":true,"href":"https:\/\/projectes.xtec.cat\/pfi\/wp-json\/wp\/v2\/media\/11692"}],"wp:attachment":[{"href":"https:\/\/projectes.xtec.cat\/pfi\/wp-json\/wp\/v2\/media?parent=11671"}],"wp:term":[{"taxonomy":"category","embeddable":true,"href":"https:\/\/projectes.xtec.cat\/pfi\/wp-json\/wp\/v2\/categories?post=11671"},{"taxonomy":"post_tag","embeddable":true,"href":"https:\/\/projectes.xtec.cat\/pfi\/wp-json\/wp\/v2\/tags?post=11671"}],"curies":[{"name":"wp","href":"https:\/\/api.w.org\/{rel}","templated":true}]}}