{"id":11707,"date":"2021-04-30T14:09:49","date_gmt":"2021-04-30T12:09:49","guid":{"rendered":"http:\/\/projectes.xtec.cat\/pfi\/?p=11707"},"modified":"2021-05-10T14:05:33","modified_gmt":"2021-05-10T12:05:33","slug":"el-pfi-ptt-de-construccio-millora-del-pati-duna-escola-de-girona","status":"publish","type":"post","link":"https:\/\/projectes.xtec.cat\/pfi\/general\/el-pfi-ptt-de-construccio-millora-del-pati-duna-escola-de-girona\/","title":{"rendered":"El PFI PTT de construcci\u00f3 millora el pati d&#8217;una escola de Girona"},"content":{"rendered":"<p><span style=\"font-weight: 400;\">Aquest tercer trimestre el PFI PTT d&#8217;Auxiliar en construcci\u00f3 de Girona l\u2019hem iniciat amb un projecte molt engrescador al pati de l\u2019Escola Dalmau Carles de la mateixa localitat. Aquesta escola disposava d\u2019un espai exterior un xic deixat, vell i sense massa vida i se\u2019ns va demanar reconvertir-lo en un espai l\u00fadic pels m\u00e9s petits.<\/span><\/p>\n<p><span style=\"font-weight: 400;\">Aix\u00ed que l\u2019alumnat durant les sessions virtuals va comen\u00e7ar a pensar i dissenyar propostes viables, atractives i amb el m\u00ednim cost possible per aquest espai. El repte va ser interessant i les propostes obtingudes tamb\u00e9!<\/span><\/p>\n<p><span style=\"font-weight: 400;\">Finalment, el que van executar va ser:\u00a0 instal\u00b7lar una paret sensorial amb diverses propostes l\u00fadiques a partir de material reciclat, reparar i reconstruir parets, pendents i paviment de l\u2019espai i construir una jardinera perimetral per a fer-hi un hortet. El canvi va ser substancial i l\u2019escola va quedar molt satisfeta del treball executat per l\u2019alumnat del PTT de construcci\u00f3 de Girona.\u00a0<\/span><\/p>\n<p><span style=\"font-weight: 400;\">Si voleu seguir pas a pas tot el seu proc\u00e9s constructiu podeu entrar al nostre compte d\u2019Instagram @<\/span><b><i>pttconstrucciogirona<\/i><\/b><span style=\"font-weight: 400;\">.<\/span><\/p>\n<figure class=\"figure wp-caption aligncenter\"><a href=\"https:\/\/projectes.xtec.cat\/pfi\/wp-content\/uploads\/usu1781\/2021\/04\/Portada.jpg\"><img loading=\"lazy\" decoding=\"async\" class=\"wp-image-11713 size-medium\" src=\"https:\/\/projectes.xtec.cat\/pfi\/wp-content\/uploads\/usu1781\/2021\/04\/Portada-225x300.jpg\" alt=\"\" width=\"225\" height=\"300\" srcset=\"https:\/\/projectes.xtec.cat\/pfi\/wp-content\/uploads\/usu1781\/2021\/04\/Portada-225x300.jpg 225w, https:\/\/projectes.xtec.cat\/pfi\/wp-content\/uploads\/usu1781\/2021\/04\/Portada-768x1024.jpg 768w\" sizes=\"auto, (max-width: 225px) 100vw, 225px\" \/><\/a><figcaption class=\"wp-caption-text\">L&#8217;alumnat construint el petit hortet pel pati.<\/figcaption><\/figure>\n<figure class=\"figure wp-caption aligncenter\"><a href=\"https:\/\/projectes.xtec.cat\/pfi\/wp-content\/uploads\/usu1781\/2021\/04\/IMG_20210415_103949.jpg\"><img loading=\"lazy\" decoding=\"async\" class=\"wp-image-11709 size-medium\" src=\"https:\/\/projectes.xtec.cat\/pfi\/wp-content\/uploads\/usu1781\/2021\/04\/IMG_20210415_103949-300x225.jpg\" alt=\"\" width=\"300\" height=\"225\" srcset=\"https:\/\/projectes.xtec.cat\/pfi\/wp-content\/uploads\/usu1781\/2021\/04\/IMG_20210415_103949-300x225.jpg 300w, https:\/\/projectes.xtec.cat\/pfi\/wp-content\/uploads\/usu1781\/2021\/04\/IMG_20210415_103949-768x576.jpg 768w, https:\/\/projectes.xtec.cat\/pfi\/wp-content\/uploads\/usu1781\/2021\/04\/IMG_20210415_103949-1024x768.jpg 1024w, https:\/\/projectes.xtec.cat\/pfi\/wp-content\/uploads\/usu1781\/2021\/04\/IMG_20210415_103949-200x150.jpg 200w\" sizes=\"auto, (max-width: 300px) 100vw, 300px\" \/><\/a><figcaption class=\"wp-caption-text\">Pirogravant les lletres per la paret sensorial.<\/figcaption><\/figure>\n<p>&nbsp;<\/p>\n<p>#pfiCAT #impulsFP<\/p>\n","protected":false},"excerpt":{"rendered":"<p>Aquest tercer trimestre el PFI PTT d&#8217;Auxiliar en construcci\u00f3 de Girona l\u2019hem iniciat amb un projecte molt engrescador al pati de l\u2019Escola Dalmau Carles de la mateixa localitat. Aquesta escola disposava d\u2019un espai exterior un xic deixat, vell i sense massa vida i se\u2019ns va&hellip;  <a href=\"https:\/\/projectes.xtec.cat\/pfi\/general\/el-pfi-ptt-de-construccio-millora-del-pati-duna-escola-de-girona\/\" title=\"Read El PFI PTT de construcci\u00f3 millora el pati d&#8217;una escola de Girona\">Llegeix m\u00e9s\u00bb<\/a><\/p>\n","protected":false},"author":146,"featured_media":0,"comment_status":"open","ping_status":"closed","sticky":false,"template":"","format":"standard","meta":{"_bbp_topic_count":0,"_bbp_reply_count":0,"_bbp_total_topic_count":0,"_bbp_total_reply_count":0,"_bbp_voice_count":0,"_bbp_anonymous_reply_count":0,"_bbp_topic_count_hidden":0,"_bbp_reply_count_hidden":0,"_bbp_forum_subforum_count":0,"footnotes":""},"categories":[1,29],"tags":[319,289,372,346,311,305,307,320,364],"class_list":["post-11707","post","type-post","status-publish","format-standard","hentry","category-general","category-portada","tag-activitat","tag-alumnes-pfi","tag-compartir-experiencies","tag-experiencies","tag-formacio","tag-moduls-professionals","tag-projecte-integrat","tag-projecteintegrat","tag-projectes"],"post_mailing_queue_ids":[],"_links":{"self":[{"href":"https:\/\/projectes.xtec.cat\/pfi\/wp-json\/wp\/v2\/posts\/11707","targetHints":{"allow":["GET"]}}],"collection":[{"href":"https:\/\/projectes.xtec.cat\/pfi\/wp-json\/wp\/v2\/posts"}],"about":[{"href":"https:\/\/projectes.xtec.cat\/pfi\/wp-json\/wp\/v2\/types\/post"}],"author":[{"embeddable":true,"href":"https:\/\/projectes.xtec.cat\/pfi\/wp-json\/wp\/v2\/users\/146"}],"replies":[{"embeddable":true,"href":"https:\/\/projectes.xtec.cat\/pfi\/wp-json\/wp\/v2\/comments?post=11707"}],"version-history":[{"count":4,"href":"https:\/\/projectes.xtec.cat\/pfi\/wp-json\/wp\/v2\/posts\/11707\/revisions"}],"predecessor-version":[{"id":11721,"href":"https:\/\/projectes.xtec.cat\/pfi\/wp-json\/wp\/v2\/posts\/11707\/revisions\/11721"}],"wp:attachment":[{"href":"https:\/\/projectes.xtec.cat\/pfi\/wp-json\/wp\/v2\/media?parent=11707"}],"wp:term":[{"taxonomy":"category","embeddable":true,"href":"https:\/\/projectes.xtec.cat\/pfi\/wp-json\/wp\/v2\/categories?post=11707"},{"taxonomy":"post_tag","embeddable":true,"href":"https:\/\/projectes.xtec.cat\/pfi\/wp-json\/wp\/v2\/tags?post=11707"}],"curies":[{"name":"wp","href":"https:\/\/api.w.org\/{rel}","templated":true}]}}