{"id":11844,"date":"2021-05-20T19:48:53","date_gmt":"2021-05-20T17:48:53","guid":{"rendered":"http:\/\/projectes.xtec.cat\/pfi\/?p=11844"},"modified":"2021-05-20T20:24:33","modified_gmt":"2021-05-20T18:24:33","slug":"vols-saber-que-pensa-lalumnat-dhistories-de-vida","status":"publish","type":"post","link":"https:\/\/projectes.xtec.cat\/pfi\/general\/vols-saber-que-pensa-lalumnat-dhistories-de-vida\/","title":{"rendered":"Vols saber qu\u00e8 pensa l&#8217;alumnat d&#8217;Hist\u00f2ries de vida?"},"content":{"rendered":"<p><iframe loading=\"lazy\" width=\"560\" height=\"315\" src=\"https:\/\/www.youtube.com\/embed\/C2wlMzZ8Ai8\" title=\"YouTube video player\" frameborder=\"0\" allow=\"accelerometer; autoplay; clipboard-write; encrypted-media; gyroscope; picture-in-picture\" allowfullscreen><\/iframe><br \/>\nHist\u00f2ries de Vida \u00e9s un projecte d&#8217;orientaci\u00f3 i acompanyament a l&#8217;alumnat PFI que acosta professionals voluntaris i empreses a les aules amb un alt component emocional.<\/p>\n<p>No et perdis qu\u00e8 pensen alguns joves que han participat en aquesta 3a edici\u00f3.<\/p>\n<p>#pfiCAT #impulsFP<\/p>\n","protected":false},"excerpt":{"rendered":"<p>Hist\u00f2ries de Vida \u00e9s un projecte d&#8217;orientaci\u00f3 i acompanyament a l&#8217;alumnat PFI que acosta professionals voluntaris i empreses a les aules amb un alt component emocional.<br \/>\nNo et perdis qu\u00e8 pensen alguns joves que han participat en aquesta 3a edici\u00f3.<br \/>\n#pfiCAT #impulsFP<\/p>\n","protected":false},"author":45,"featured_media":0,"comment_status":"open","ping_status":"closed","sticky":false,"template":"","format":"standard","meta":{"_bbp_topic_count":0,"_bbp_reply_count":0,"_bbp_total_topic_count":0,"_bbp_total_reply_count":0,"_bbp_voice_count":0,"_bbp_anonymous_reply_count":0,"_bbp_topic_count_hidden":0,"_bbp_reply_count_hidden":0,"_bbp_forum_subforum_count":0,"footnotes":""},"categories":[1,373,29],"tags":[346,392,411],"class_list":["post-11844","post","type-post","status-publish","format-standard","hentry","category-general","category-histories-de-vida","category-portada","tag-experiencies","tag-histories-de-vida","tag-testimonis"],"post_mailing_queue_ids":[],"_links":{"self":[{"href":"https:\/\/projectes.xtec.cat\/pfi\/wp-json\/wp\/v2\/posts\/11844","targetHints":{"allow":["GET"]}}],"collection":[{"href":"https:\/\/projectes.xtec.cat\/pfi\/wp-json\/wp\/v2\/posts"}],"about":[{"href":"https:\/\/projectes.xtec.cat\/pfi\/wp-json\/wp\/v2\/types\/post"}],"author":[{"embeddable":true,"href":"https:\/\/projectes.xtec.cat\/pfi\/wp-json\/wp\/v2\/users\/45"}],"replies":[{"embeddable":true,"href":"https:\/\/projectes.xtec.cat\/pfi\/wp-json\/wp\/v2\/comments?post=11844"}],"version-history":[{"count":3,"href":"https:\/\/projectes.xtec.cat\/pfi\/wp-json\/wp\/v2\/posts\/11844\/revisions"}],"predecessor-version":[{"id":11854,"href":"https:\/\/projectes.xtec.cat\/pfi\/wp-json\/wp\/v2\/posts\/11844\/revisions\/11854"}],"wp:attachment":[{"href":"https:\/\/projectes.xtec.cat\/pfi\/wp-json\/wp\/v2\/media?parent=11844"}],"wp:term":[{"taxonomy":"category","embeddable":true,"href":"https:\/\/projectes.xtec.cat\/pfi\/wp-json\/wp\/v2\/categories?post=11844"},{"taxonomy":"post_tag","embeddable":true,"href":"https:\/\/projectes.xtec.cat\/pfi\/wp-json\/wp\/v2\/tags?post=11844"}],"curies":[{"name":"wp","href":"https:\/\/api.w.org\/{rel}","templated":true}]}}