{"id":12029,"date":"2021-06-09T10:00:02","date_gmt":"2021-06-09T08:00:02","guid":{"rendered":"http:\/\/projectes.xtec.cat\/pfi\/?p=12029"},"modified":"2021-06-09T10:20:26","modified_gmt":"2021-06-09T08:20:26","slug":"benvinguts-a-la-primera-fira-virtual-demprenedoria-a-osona","status":"publish","type":"post","link":"https:\/\/projectes.xtec.cat\/pfi\/general\/benvinguts-a-la-primera-fira-virtual-demprenedoria-a-osona\/","title":{"rendered":"Benvinguts a la Primera Fira Virtual d\u2019Emprenedoria a Osona"},"content":{"rendered":"<p><iframe loading=\"lazy\" src=\"https:\/\/www.youtube.com\/embed\/Pqm6R6w8-t8\" width=\"560\" height=\"315\" frameborder=\"0\"><\/iframe><\/p>\n<p>Els alumnes del PFI d\u2019Auxiliar de vendes, oficina i atenci\u00f3 al p\u00fablic de Vic i Torell\u00f3 han organitzat conjuntament una <a href=\"https:\/\/fira-virutal-demprenedoria-osona.webnode.es\/\">fira virtual<\/a>, l\u2019aparador perfecte perqu\u00e8 la seva empresa es doni a con\u00e8ixer al p\u00fablic. Amb aquesta fira han pogut exposar, a trav\u00e9s d\u2019un estand virtual, els seu negocis.<\/p>\n<p>L\u2019objectiu general del projecte ha estat treballar les estrat\u00e8gies digitals actuals i posar en contacte els nostres joves emprenedors.<\/p>\n<p>Els alumnes han aplicat tots els coneixements de m\u00e0rqueting digital adquirits al llarg del curs per desenvolupar la plataforma de la Fira Virtual i crear el seu propi estand amb un personatge virtual 3D personalitzat. Tamb\u00e9 s\u2019han incorporat pon\u00e8ncies virtuals de joves emprenedors de la comarca per despertar la seva motivaci\u00f3 i creativitat.<\/p>\n<p>Durant la setmana de celebraci\u00f3 de la Fira Virtual els alumnes dels dos perfils van intercanviar informaci\u00f3 sobre els productes i serveis, aix\u00ed com van proposar col\u00b7laboracions i sin\u00e8rgies entre empreses.<\/p>\n<p>Ens acompanyeu?<\/p>\n<p>#pfiCAT #impulsFP<\/p>\n<p>&nbsp;<\/p>\n","protected":false},"excerpt":{"rendered":"<p>Els alumnes del PFI d\u2019Auxiliar de vendes, oficina i atenci\u00f3 al p\u00fablic de Vic i Torell\u00f3 han organitzat conjuntament una <a href=\"https:\/\/fira-virutal-demprenedoria-osona.webnode.es\/\">fira virtual<\/a>, l\u2019aparador perfecte perqu\u00e8 la seva empresa es doni a con\u00e8ixer al p\u00fablic. Amb aquesta fira han pogut exposar, a trav\u00e9s d\u2019un estand&hellip;  <a href=\"https:\/\/projectes.xtec.cat\/pfi\/general\/benvinguts-a-la-primera-fira-virtual-demprenedoria-a-osona\/\" title=\"Read Benvinguts a la Primera Fira Virtual d\u2019Emprenedoria a Osona\">Llegeix m\u00e9s\u00bb<\/a><\/p>\n","protected":false},"author":153,"featured_media":12045,"comment_status":"open","ping_status":"closed","sticky":false,"template":"","format":"standard","meta":{"_bbp_topic_count":0,"_bbp_reply_count":0,"_bbp_total_topic_count":0,"_bbp_total_reply_count":0,"_bbp_voice_count":0,"_bbp_anonymous_reply_count":0,"_bbp_topic_count_hidden":0,"_bbp_reply_count_hidden":0,"_bbp_forum_subforum_count":0,"footnotes":""},"categories":[1,29],"tags":[],"class_list":["post-12029","post","type-post","status-publish","format-standard","has-post-thumbnail","hentry","category-general","category-portada"],"post_mailing_queue_ids":[],"_links":{"self":[{"href":"https:\/\/projectes.xtec.cat\/pfi\/wp-json\/wp\/v2\/posts\/12029","targetHints":{"allow":["GET"]}}],"collection":[{"href":"https:\/\/projectes.xtec.cat\/pfi\/wp-json\/wp\/v2\/posts"}],"about":[{"href":"https:\/\/projectes.xtec.cat\/pfi\/wp-json\/wp\/v2\/types\/post"}],"author":[{"embeddable":true,"href":"https:\/\/projectes.xtec.cat\/pfi\/wp-json\/wp\/v2\/users\/153"}],"replies":[{"embeddable":true,"href":"https:\/\/projectes.xtec.cat\/pfi\/wp-json\/wp\/v2\/comments?post=12029"}],"version-history":[{"count":3,"href":"https:\/\/projectes.xtec.cat\/pfi\/wp-json\/wp\/v2\/posts\/12029\/revisions"}],"predecessor-version":[{"id":12048,"href":"https:\/\/projectes.xtec.cat\/pfi\/wp-json\/wp\/v2\/posts\/12029\/revisions\/12048"}],"wp:featuredmedia":[{"embeddable":true,"href":"https:\/\/projectes.xtec.cat\/pfi\/wp-json\/wp\/v2\/media\/12045"}],"wp:attachment":[{"href":"https:\/\/projectes.xtec.cat\/pfi\/wp-json\/wp\/v2\/media?parent=12029"}],"wp:term":[{"taxonomy":"category","embeddable":true,"href":"https:\/\/projectes.xtec.cat\/pfi\/wp-json\/wp\/v2\/categories?post=12029"},{"taxonomy":"post_tag","embeddable":true,"href":"https:\/\/projectes.xtec.cat\/pfi\/wp-json\/wp\/v2\/tags?post=12029"}],"curies":[{"name":"wp","href":"https:\/\/api.w.org\/{rel}","templated":true}]}}