{"id":12099,"date":"2021-06-17T09:28:01","date_gmt":"2021-06-17T07:28:01","guid":{"rendered":"http:\/\/projectes.xtec.cat\/pfi\/?p=12099"},"modified":"2021-06-10T12:30:09","modified_gmt":"2021-06-10T10:30:09","slug":"catering-inaugural-the-village-palamos-projecte-integrat-pfi-ptt-palamos-palafrugell","status":"publish","type":"post","link":"https:\/\/projectes.xtec.cat\/pfi\/general\/catering-inaugural-the-village-palamos-projecte-integrat-pfi-ptt-palamos-palafrugell\/","title":{"rendered":"C\u00e0tering inaugural &#8220;The village Palam\u00f3s&#8221;, projecte integrat PFI PTT Palam\u00f3s-Palafrugell"},"content":{"rendered":"<p style=\"text-align: center;\"><b>C\u00c0TERING INAUGURACI\u00d3 CENTRE COMERCIAL \u201cTHE VILLAGE PALAM\u00d3S\u201d<\/b><\/p>\n<p style=\"text-align: center;\"><span style=\"font-weight: 400;\">Projecte Integrat Pfi Ptt Palam\u00f3s Palafrugell<\/span><\/p>\n<p style=\"text-align: center;\"><span style=\"font-weight: 400;\">L\u2019alumnat del perfil d\u2019Hoteleria, cuina i serveis de la Restauraci\u00f3 ha elaborat un C\u00e0tering per a la inauguraci\u00f3 del Centre Comercial Simulat The Village Palam\u00f3s .\u00a0<\/span><\/p>\n<p style=\"text-align: center;\"><b>Primera fase:\u00a0<\/b><\/p>\n<p style=\"text-align: center;\"><span style=\"font-weight: 400;\">Alumnat i professorat fa una recerca de tot el qu\u00e8 comporta preparar un c\u00e0tering i dissenya el propi projecte, des del tipus de c\u00e0tering a oferir fins les elaboracions amb els seus productes triats. Omplim les receptes dels productes que cuinarem.<\/span><\/p>\n<p style=\"text-align: center;\"><b>Segona fase:\u00a0<\/b><\/p>\n<p style=\"text-align: center;\"><span style=\"font-weight: 400;\">Aprenem a fer escandalls i prepararem un pressupost final per a l&#8217;empresa que ens ha encomanat el C\u00e0tering. Amb el professorat hem omplert fitxes excels on queda plasmat el preu de cada elaboraci\u00f3 i aix\u00ed poder redactar i calcular un preu exacte de la feina feta.<\/span><\/p>\n<p style=\"text-align: center;\"><b>Tercera fase:\u00a0<\/b><\/p>\n<p style=\"text-align: center;\"><span style=\"font-weight: 400;\">Elaboraci\u00f3 de tots els productes que presentarem el dia de la inauguraci\u00f3.\u00a0<\/span><\/p>\n<p style=\"text-align: center;\"><span style=\"font-weight: 400;\">-Montaditos de Salm\u00f3<\/span><\/p>\n<p style=\"text-align: center;\"><span style=\"font-weight: 400;\">-Montadito de Guacamole amb gamba<\/span><\/p>\n<p style=\"text-align: center;\"><span style=\"font-weight: 400;\">-Montadito de pollastre fumat amb maionesa de mostassa<\/span><\/p>\n<p style=\"text-align: center;\"><span style=\"font-weight: 400;\">-Vaset de Past\u00eds de formatge<\/span><\/p>\n<p style=\"text-align: center;\"><span style=\"font-weight: 400;\">-Vaset de Su\u00eds de Xocolata<\/span><\/p>\n<p style=\"text-align: center;\"><b>Quarta fase:<\/b><\/p>\n<p style=\"text-align: center;\"><span style=\"font-weight: 400;\">Servei de C\u00e0tering .<\/span><\/p>\n<p style=\"text-align: center;\"><span style=\"font-weight: 400;\">El dilluns dia 17 de maig ens trobem els dos perfils del PFI PTT Palam\u00f3s-Palafrugell al Restaurant Escola Cap Roig de la poblaci\u00f3 de Palafrugell i els nostres responsables del programa , per oferir el nostre servei de C\u00e0tering durant la inauguraci\u00f3 del centre comercial &#8220;The Village &#8220;.<\/span><\/p>\n<p style=\"text-align: center;\"><span style=\"font-weight: 400;\">Hi ha una bonica decoraci\u00f3 de les taules i una bona presentaci\u00f3 de les elaboracions.<\/span><\/p>\n<p><a href=\"https:\/\/projectes.xtec.cat\/pfi\/wp-content\/uploads\/usu1781\/2021\/06\/IMG-9369.jpg\"><img loading=\"lazy\" decoding=\"async\" class=\"size-full wp-image-12106 aligncenter\" src=\"https:\/\/projectes.xtec.cat\/pfi\/wp-content\/uploads\/usu1781\/2021\/06\/IMG-9369.jpg\" alt=\"\" width=\"369\" height=\"894\" srcset=\"https:\/\/projectes.xtec.cat\/pfi\/wp-content\/uploads\/usu1781\/2021\/06\/IMG-9369.jpg 369w, https:\/\/projectes.xtec.cat\/pfi\/wp-content\/uploads\/usu1781\/2021\/06\/IMG-9369-124x300.jpg 124w\" sizes=\"auto, (max-width: 369px) 100vw, 369px\" \/><\/a><a href=\"https:\/\/projectes.xtec.cat\/pfi\/wp-content\/uploads\/usu1781\/2021\/06\/unnamed-4.jpg\"><img loading=\"lazy\" decoding=\"async\" class=\"alignnone size-large wp-image-12104\" src=\"https:\/\/projectes.xtec.cat\/pfi\/wp-content\/uploads\/usu1781\/2021\/06\/unnamed-4-1024x805.jpg\" alt=\"\" width=\"1024\" height=\"805\" srcset=\"https:\/\/projectes.xtec.cat\/pfi\/wp-content\/uploads\/usu1781\/2021\/06\/unnamed-4-1024x805.jpg 1024w, https:\/\/projectes.xtec.cat\/pfi\/wp-content\/uploads\/usu1781\/2021\/06\/unnamed-4-300x236.jpg 300w, https:\/\/projectes.xtec.cat\/pfi\/wp-content\/uploads\/usu1781\/2021\/06\/unnamed-4-768x604.jpg 768w, https:\/\/projectes.xtec.cat\/pfi\/wp-content\/uploads\/usu1781\/2021\/06\/unnamed-4.jpg 1440w\" sizes=\"auto, (max-width: 1024px) 100vw, 1024px\" \/><\/a><a href=\"https:\/\/projectes.xtec.cat\/pfi\/wp-content\/uploads\/usu1781\/2021\/06\/unnamed-1.jpg\"><img loading=\"lazy\" decoding=\"async\" class=\"size-large wp-image-12100 aligncenter\" src=\"https:\/\/projectes.xtec.cat\/pfi\/wp-content\/uploads\/usu1781\/2021\/06\/unnamed-1-768x1024.jpg\" alt=\"\" width=\"768\" height=\"1024\" srcset=\"https:\/\/projectes.xtec.cat\/pfi\/wp-content\/uploads\/usu1781\/2021\/06\/unnamed-1-768x1024.jpg 768w, https:\/\/projectes.xtec.cat\/pfi\/wp-content\/uploads\/usu1781\/2021\/06\/unnamed-1-225x300.jpg 225w, https:\/\/projectes.xtec.cat\/pfi\/wp-content\/uploads\/usu1781\/2021\/06\/unnamed-1.jpg 1536w\" sizes=\"auto, (max-width: 768px) 100vw, 768px\" \/><\/a><a href=\"https:\/\/projectes.xtec.cat\/pfi\/wp-content\/uploads\/usu1781\/2021\/06\/unnamed-3.jpg\"><img loading=\"lazy\" decoding=\"async\" class=\"size-full wp-image-12102 aligncenter\" src=\"https:\/\/projectes.xtec.cat\/pfi\/wp-content\/uploads\/usu1781\/2021\/06\/unnamed-3.jpg\" alt=\"\" width=\"640\" height=\"440\" srcset=\"https:\/\/projectes.xtec.cat\/pfi\/wp-content\/uploads\/usu1781\/2021\/06\/unnamed-3.jpg 640w, https:\/\/projectes.xtec.cat\/pfi\/wp-content\/uploads\/usu1781\/2021\/06\/unnamed-3-300x206.jpg 300w\" sizes=\"auto, (max-width: 640px) 100vw, 640px\" \/><\/a><\/p>\n","protected":false},"excerpt":{"rendered":"<p>C\u00c0TERING INAUGURACI\u00d3 CENTRE COMERCIAL \u201cTHE VILLAGE PALAM\u00d3S\u201d<br \/>\nProjecte Integrat Pfi Ptt Palam\u00f3s Palafrugell<br \/>\nL\u2019alumnat del perfil d\u2019Hoteleria, cuina i serveis de la Restauraci\u00f3 ha elaborat un C\u00e0tering per a la inauguraci\u00f3 del Centre Comercial Simulat The Village Palam\u00f3s .\u00a0<br \/>\nPrimera fase:\u00a0<br \/>\nAlumnat i professorat fa una recerca de tot&hellip;  <a href=\"https:\/\/projectes.xtec.cat\/pfi\/general\/catering-inaugural-the-village-palamos-projecte-integrat-pfi-ptt-palamos-palafrugell\/\" title=\"Read C\u00e0tering inaugural &#8220;The village Palam\u00f3s&#8221;, projecte integrat PFI PTT Palam\u00f3s-Palafrugell\">Llegeix m\u00e9s\u00bb<\/a><\/p>\n","protected":false},"author":154,"featured_media":12109,"comment_status":"open","ping_status":"closed","sticky":false,"template":"","format":"standard","meta":{"_bbp_topic_count":0,"_bbp_reply_count":0,"_bbp_total_topic_count":0,"_bbp_total_reply_count":0,"_bbp_voice_count":0,"_bbp_anonymous_reply_count":0,"_bbp_topic_count_hidden":0,"_bbp_reply_count_hidden":0,"_bbp_forum_subforum_count":0,"footnotes":""},"categories":[1,29],"tags":[289,420,314,307],"class_list":["post-12099","post","type-post","status-publish","format-standard","has-post-thumbnail","hentry","category-general","category-portada","tag-alumnes-pfi","tag-catering","tag-cuina","tag-projecte-integrat"],"post_mailing_queue_ids":[],"_links":{"self":[{"href":"https:\/\/projectes.xtec.cat\/pfi\/wp-json\/wp\/v2\/posts\/12099","targetHints":{"allow":["GET"]}}],"collection":[{"href":"https:\/\/projectes.xtec.cat\/pfi\/wp-json\/wp\/v2\/posts"}],"about":[{"href":"https:\/\/projectes.xtec.cat\/pfi\/wp-json\/wp\/v2\/types\/post"}],"author":[{"embeddable":true,"href":"https:\/\/projectes.xtec.cat\/pfi\/wp-json\/wp\/v2\/users\/154"}],"replies":[{"embeddable":true,"href":"https:\/\/projectes.xtec.cat\/pfi\/wp-json\/wp\/v2\/comments?post=12099"}],"version-history":[{"count":3,"href":"https:\/\/projectes.xtec.cat\/pfi\/wp-json\/wp\/v2\/posts\/12099\/revisions"}],"predecessor-version":[{"id":12134,"href":"https:\/\/projectes.xtec.cat\/pfi\/wp-json\/wp\/v2\/posts\/12099\/revisions\/12134"}],"wp:featuredmedia":[{"embeddable":true,"href":"https:\/\/projectes.xtec.cat\/pfi\/wp-json\/wp\/v2\/media\/12109"}],"wp:attachment":[{"href":"https:\/\/projectes.xtec.cat\/pfi\/wp-json\/wp\/v2\/media?parent=12099"}],"wp:term":[{"taxonomy":"category","embeddable":true,"href":"https:\/\/projectes.xtec.cat\/pfi\/wp-json\/wp\/v2\/categories?post=12099"},{"taxonomy":"post_tag","embeddable":true,"href":"https:\/\/projectes.xtec.cat\/pfi\/wp-json\/wp\/v2\/tags?post=12099"}],"curies":[{"name":"wp","href":"https:\/\/api.w.org\/{rel}","templated":true}]}}