{"id":12191,"date":"2021-06-14T09:48:38","date_gmt":"2021-06-14T07:48:38","guid":{"rendered":"http:\/\/projectes.xtec.cat\/pfi\/?p=12191"},"modified":"2021-06-17T14:16:42","modified_gmt":"2021-06-17T12:16:42","slug":"il%e2%80%a2lumina-i-insonoritza-lestudi-de-filmacio-de-lanunci-isglobal","status":"publish","type":"post","link":"https:\/\/projectes.xtec.cat\/pfi\/general\/il%e2%80%a2lumina-i-insonoritza-lestudi-de-filmacio-de-lanunci-isglobal\/","title":{"rendered":"El PTT Sant Celoni il\u00b7lumina i insonoritza l\u2019estudi de filmaci\u00f3 de l\u2019anunci ISGlobal"},"content":{"rendered":"<p>Els joves del PFI-PTT de Sant Celoni est\u00e0 duent a terme un projecte col\u00b7laboratiu amb l\u2019ISGlobal en relaci\u00f3 a la sensibilitzaci\u00f3 de l\u2019alumnat i a la poblaci\u00f3 sobre la RAM( resist\u00e8ncia antimicrobiana) que permeti l\u2019intercanvi d\u2019experi\u00e8ncies educatives i de materials did\u00e0ctics.<\/p>\n<p>El projecte consisteix en treballar un document audiovisual (anunci) sobre la prevenci\u00f3 de la RAM i l\u2019\u00fas responsable d\u2019antibi\u00f2tics filmat per l\u2019alumnat PFI. Els joves del perfil de MIEAG s&#8217;han encarregat\u00a0 d&#8217;insonoritzar i il\u00b7luminar un estudi\u00a0 de gravaci\u00f3 per l&#8217;anunci d&#8217;IS Global.<\/p>\n<p>El document audiovisual t\u00e9 prevista\u00a0 la visualitzaci\u00f3 a les xarxes socials del PFI- PTT,\u00a0 a la coordinaci\u00f3 PFI&#8217;s i l&#8217;ajuntament de Sant Celoni,tanmateix el resultat, fruit de l&#8217;acord amb les referents del projecte europeu a l&#8217;entitat Is Global, tindr\u00e0 molta rellev\u00e0ncia i visibilitat internacional en l&#8217;\u00e0mbit espec\u00edfic.<\/p>\n<p>La col\u00b7laboraci\u00f3 PTT- ISGlobal es reedita de nou com un pilot de futures ofertes del propi ISGlobal cap a d\u2019altres espais formatius, accions previstes dins del del projecte Europeu SAFE (Superbug Awareness For Education) que lidera la Dra. Clara Ballest\u00e9 Delpierre, la nostra referent a l\u2019entitat.<\/p>\n<p>https:\/\/www.isglobal.org\/ca\/-\/safe-superbug-awareness-for-education<\/p>\n<p><a href=\"https:\/\/projectes.xtec.cat\/pfi\/wp-content\/uploads\/usu1781\/2021\/06\/PTT-MIEAG-Insonoritzaci\u00f3-Il\u00b7luminaci\u00f3-taller.jpg\"><img loading=\"lazy\" decoding=\"async\" class=\"alignnone size-large wp-image-12192\" src=\"https:\/\/projectes.xtec.cat\/pfi\/wp-content\/uploads\/usu1781\/2021\/06\/PTT-MIEAG-Insonoritzaci\u00f3-Il\u00b7luminaci\u00f3-taller-768x1024.jpg\" alt=\"\" width=\"768\" height=\"1024\" srcset=\"https:\/\/projectes.xtec.cat\/pfi\/wp-content\/uploads\/usu1781\/2021\/06\/PTT-MIEAG-Insonoritzaci\u00f3-Il\u00b7luminaci\u00f3-taller-768x1024.jpg 768w, https:\/\/projectes.xtec.cat\/pfi\/wp-content\/uploads\/usu1781\/2021\/06\/PTT-MIEAG-Insonoritzaci\u00f3-Il\u00b7luminaci\u00f3-taller-225x300.jpg 225w, https:\/\/projectes.xtec.cat\/pfi\/wp-content\/uploads\/usu1781\/2021\/06\/PTT-MIEAG-Insonoritzaci\u00f3-Il\u00b7luminaci\u00f3-taller.jpg 1200w\" sizes=\"auto, (max-width: 768px) 100vw, 768px\" \/><\/a><\/p>\n<p>#pfiCAT #impulsFP<\/p>\n","protected":false},"excerpt":{"rendered":"<p>Els joves del PFI-PTT de Sant Celoni est\u00e0 duent a terme un projecte col\u00b7laboratiu amb l\u2019ISGlobal en relaci\u00f3 a la sensibilitzaci\u00f3 de l\u2019alumnat i a la poblaci\u00f3 sobre la RAM( resist\u00e8ncia antimicrobiana) que permeti l\u2019intercanvi d\u2019experi\u00e8ncies educatives i de materials did\u00e0ctics.<br \/>\nEl projecte consisteix en treballar&hellip;  <a href=\"https:\/\/projectes.xtec.cat\/pfi\/general\/il%e2%80%a2lumina-i-insonoritza-lestudi-de-filmacio-de-lanunci-isglobal\/\" title=\"Read El PTT Sant Celoni il\u00b7lumina i insonoritza l\u2019estudi de filmaci\u00f3 de l\u2019anunci ISGlobal\">Llegeix m\u00e9s\u00bb<\/a><\/p>\n","protected":false},"author":164,"featured_media":12192,"comment_status":"open","ping_status":"closed","sticky":false,"template":"","format":"standard","meta":{"_bbp_topic_count":0,"_bbp_reply_count":0,"_bbp_total_topic_count":0,"_bbp_total_reply_count":0,"_bbp_voice_count":0,"_bbp_anonymous_reply_count":0,"_bbp_topic_count_hidden":0,"_bbp_reply_count_hidden":0,"_bbp_forum_subforum_count":0,"footnotes":""},"categories":[1,29],"tags":[289,364],"class_list":["post-12191","post","type-post","status-publish","format-standard","has-post-thumbnail","hentry","category-general","category-portada","tag-alumnes-pfi","tag-projectes"],"post_mailing_queue_ids":[],"_links":{"self":[{"href":"https:\/\/projectes.xtec.cat\/pfi\/wp-json\/wp\/v2\/posts\/12191","targetHints":{"allow":["GET"]}}],"collection":[{"href":"https:\/\/projectes.xtec.cat\/pfi\/wp-json\/wp\/v2\/posts"}],"about":[{"href":"https:\/\/projectes.xtec.cat\/pfi\/wp-json\/wp\/v2\/types\/post"}],"author":[{"embeddable":true,"href":"https:\/\/projectes.xtec.cat\/pfi\/wp-json\/wp\/v2\/users\/164"}],"replies":[{"embeddable":true,"href":"https:\/\/projectes.xtec.cat\/pfi\/wp-json\/wp\/v2\/comments?post=12191"}],"version-history":[{"count":3,"href":"https:\/\/projectes.xtec.cat\/pfi\/wp-json\/wp\/v2\/posts\/12191\/revisions"}],"predecessor-version":[{"id":12278,"href":"https:\/\/projectes.xtec.cat\/pfi\/wp-json\/wp\/v2\/posts\/12191\/revisions\/12278"}],"wp:featuredmedia":[{"embeddable":true,"href":"https:\/\/projectes.xtec.cat\/pfi\/wp-json\/wp\/v2\/media\/12192"}],"wp:attachment":[{"href":"https:\/\/projectes.xtec.cat\/pfi\/wp-json\/wp\/v2\/media?parent=12191"}],"wp:term":[{"taxonomy":"category","embeddable":true,"href":"https:\/\/projectes.xtec.cat\/pfi\/wp-json\/wp\/v2\/categories?post=12191"},{"taxonomy":"post_tag","embeddable":true,"href":"https:\/\/projectes.xtec.cat\/pfi\/wp-json\/wp\/v2\/tags?post=12191"}],"curies":[{"name":"wp","href":"https:\/\/api.w.org\/{rel}","templated":true}]}}