{"id":12197,"date":"2021-06-11T15:04:22","date_gmt":"2021-06-11T13:04:22","guid":{"rendered":"http:\/\/projectes.xtec.cat\/pfi\/?p=12197"},"modified":"2021-06-11T15:19:18","modified_gmt":"2021-06-11T13:19:18","slug":"histories-de-vida-al-webinar-dualiza-dilluns-14-de-juny","status":"publish","type":"post","link":"https:\/\/projectes.xtec.cat\/pfi\/portada\/histories-de-vida-al-webinar-dualiza-dilluns-14-de-juny\/","title":{"rendered":"Hist\u00f2ries de Vida al webinar Dualiza de dilluns 14 de juny"},"content":{"rendered":"<p><a href=\"https:\/\/projectes.xtec.cat\/pfi\/wp-content\/uploads\/usu1781\/2021\/06\/Anotaci\u00f3-2021-06-11-150704.png\"><img loading=\"lazy\" decoding=\"async\" class=\"alignnone size-full wp-image-12209\" src=\"https:\/\/projectes.xtec.cat\/pfi\/wp-content\/uploads\/usu1781\/2021\/06\/Anotaci\u00f3-2021-06-11-150704.png\" alt=\"\" width=\"973\" height=\"190\" srcset=\"https:\/\/projectes.xtec.cat\/pfi\/wp-content\/uploads\/usu1781\/2021\/06\/Anotaci\u00f3-2021-06-11-150704.png 973w, https:\/\/projectes.xtec.cat\/pfi\/wp-content\/uploads\/usu1781\/2021\/06\/Anotaci\u00f3-2021-06-11-150704-300x59.png 300w, https:\/\/projectes.xtec.cat\/pfi\/wp-content\/uploads\/usu1781\/2021\/06\/Anotaci\u00f3-2021-06-11-150704-768x150.png 768w\" sizes=\"auto, (max-width: 973px) 100vw, 973px\" \/><\/a><\/p>\n<p>El proper 14 de juny la Mercedes L\u00f3pez participar\u00e0 explicant el projecte Hist\u00f2ries de Vida al webinar Dualiza\u00a0 &#8220;De la teor\u00eda a la pr\u00e1ctica: experiencias inspiradoras en FP B\u00e1sica&#8221;. En aquest webinar obert es parlar\u00e0 de diferents enfocaments d&#8217;innovaci\u00f3 metodol\u00f2gica per aquest tipus d&#8217;ensenyaments.<\/p>\n<p>M\u00e9s informaci\u00f3 i inscripcions a<a href=\"https:\/\/www.recursosfp.com\/formacion-gestion-centros-educativo\"> l&#8217;enlla\u00e7<\/a><\/p>\n<p>#pfiCAT #impulsFP<\/p>\n","protected":false},"excerpt":{"rendered":"<p><a href=\"https:\/\/projectes.xtec.cat\/pfi\/wp-content\/uploads\/usu1781\/2021\/06\/Anotaci\u00f3-2021-06-11-150704.png\"><\/a><br \/>\nEl proper 14 de juny la Mercedes L\u00f3pez participar\u00e0 explicant el projecte Hist\u00f2ries de Vida al webinar Dualiza\u00a0 &#8220;De la teor\u00eda a la pr\u00e1ctica: experiencias inspiradoras en FP B\u00e1sica&#8221;. En aquest webinar obert es parlar\u00e0 de diferents enfocaments d&#8217;innovaci\u00f3 metodol\u00f2gica per aquest tipus d&#8217;ensenyaments.<br \/>\nM\u00e9s&hellip;  <a href=\"https:\/\/projectes.xtec.cat\/pfi\/portada\/histories-de-vida-al-webinar-dualiza-dilluns-14-de-juny\/\" title=\"Read Hist\u00f2ries de Vida al webinar Dualiza de dilluns 14 de juny\">Llegeix m\u00e9s\u00bb<\/a><\/p>\n","protected":false},"author":1,"featured_media":0,"comment_status":"open","ping_status":"closed","sticky":false,"template":"","format":"standard","meta":{"_bbp_topic_count":0,"_bbp_reply_count":0,"_bbp_total_topic_count":0,"_bbp_total_reply_count":0,"_bbp_voice_count":0,"_bbp_anonymous_reply_count":0,"_bbp_topic_count_hidden":0,"_bbp_reply_count_hidden":0,"_bbp_forum_subforum_count":0,"footnotes":""},"categories":[373,29],"tags":[302,429],"class_list":["post-12197","post","type-post","status-publish","format-standard","hentry","category-histories-de-vida","category-portada","tag-projecte","tag-webinar"],"post_mailing_queue_ids":[],"_links":{"self":[{"href":"https:\/\/projectes.xtec.cat\/pfi\/wp-json\/wp\/v2\/posts\/12197","targetHints":{"allow":["GET"]}}],"collection":[{"href":"https:\/\/projectes.xtec.cat\/pfi\/wp-json\/wp\/v2\/posts"}],"about":[{"href":"https:\/\/projectes.xtec.cat\/pfi\/wp-json\/wp\/v2\/types\/post"}],"author":[{"embeddable":true,"href":"https:\/\/projectes.xtec.cat\/pfi\/wp-json\/wp\/v2\/users\/1"}],"replies":[{"embeddable":true,"href":"https:\/\/projectes.xtec.cat\/pfi\/wp-json\/wp\/v2\/comments?post=12197"}],"version-history":[{"count":4,"href":"https:\/\/projectes.xtec.cat\/pfi\/wp-json\/wp\/v2\/posts\/12197\/revisions"}],"predecessor-version":[{"id":12215,"href":"https:\/\/projectes.xtec.cat\/pfi\/wp-json\/wp\/v2\/posts\/12197\/revisions\/12215"}],"wp:attachment":[{"href":"https:\/\/projectes.xtec.cat\/pfi\/wp-json\/wp\/v2\/media?parent=12197"}],"wp:term":[{"taxonomy":"category","embeddable":true,"href":"https:\/\/projectes.xtec.cat\/pfi\/wp-json\/wp\/v2\/categories?post=12197"},{"taxonomy":"post_tag","embeddable":true,"href":"https:\/\/projectes.xtec.cat\/pfi\/wp-json\/wp\/v2\/tags?post=12197"}],"curies":[{"name":"wp","href":"https:\/\/api.w.org\/{rel}","templated":true}]}}