{"id":12226,"date":"2021-06-21T14:00:51","date_gmt":"2021-06-21T12:00:51","guid":{"rendered":"http:\/\/projectes.xtec.cat\/pfi\/?p=12226"},"modified":"2021-06-15T09:50:19","modified_gmt":"2021-06-15T07:50:19","slug":"flors-i-violes-2021-projecte-integrat-auxiliar-vivers-i-jardins","status":"publish","type":"post","link":"https:\/\/projectes.xtec.cat\/pfi\/general\/flors-i-violes-2021-projecte-integrat-auxiliar-vivers-i-jardins\/","title":{"rendered":"Flors i violes 2021: Projecte integrat Auxiliar vivers i jardins"},"content":{"rendered":"<p>Flors i violes \u00e9s una festivitat que es celebra a finals d&#8217;abril a Palafrugell on es decoren amb flors i plantes els carrers de la vila i es realitzen activitats, concerts&#8230; Des de fa uns anys el PFI PTT d&#8217;auxiliar de vivers i jardins de Palafrugell &#8211; Calonge i Sant Antoni, participa amb la decoraci\u00f3 d&#8217;un carrer. Enguany, els organitzadors ens atorguen un dels carrers principals, ens donen un pressupost per tal de poder fer una inversi\u00f3 en flors i ens posen tres requisits: que sigui un muntatge amb molta flor, que duri tot el cap de setmana i que sigui un muntatge aeri.<\/p>\n<p>Assumim el repte, treballem en equip per pensar idees, ens trobem en situacions complicades en que a l&#8217;hora de dur a terme les idees no ens surten, per\u00f2 no ens rendim i entre tots les provem les tornem a provar fins aconseguir amb el resultat esperat.<\/p>\n<p>La valoraci\u00f3 \u00e9s molt positiva ja que vam poder assolir els reptes, vam rebre molts comentaris positius de persones que els havia agradat la instal\u00b7laci\u00f3 i ara ens serveix com a exemple de superaci\u00f3 de moments complicats. A m\u00e9s ens ha servit tamb\u00e9 per treballar compet\u00e8ncies generals. Ha estat doncs, un aprenentatge professional, general i personal.<a href=\"https:\/\/projectes.xtec.cat\/pfi\/wp-content\/uploads\/usu1781\/2021\/06\/InShot_20210430_114812795-nodes.jpg\"><img loading=\"lazy\" decoding=\"async\" class=\"alignnone size-large wp-image-12227\" src=\"https:\/\/projectes.xtec.cat\/pfi\/wp-content\/uploads\/usu1781\/2021\/06\/InShot_20210430_114812795-nodes-1024x1024.jpg\" alt=\"\" width=\"1024\" height=\"1024\" srcset=\"https:\/\/projectes.xtec.cat\/pfi\/wp-content\/uploads\/usu1781\/2021\/06\/InShot_20210430_114812795-nodes-1024x1024.jpg 1024w, https:\/\/projectes.xtec.cat\/pfi\/wp-content\/uploads\/usu1781\/2021\/06\/InShot_20210430_114812795-nodes-150x150.jpg 150w, https:\/\/projectes.xtec.cat\/pfi\/wp-content\/uploads\/usu1781\/2021\/06\/InShot_20210430_114812795-nodes-300x300.jpg 300w, https:\/\/projectes.xtec.cat\/pfi\/wp-content\/uploads\/usu1781\/2021\/06\/InShot_20210430_114812795-nodes-768x768.jpg 768w, https:\/\/projectes.xtec.cat\/pfi\/wp-content\/uploads\/usu1781\/2021\/06\/InShot_20210430_114812795-nodes.jpg 1920w\" sizes=\"auto, (max-width: 1024px) 100vw, 1024px\" \/><\/a><\/p>\n<p>#pfiCAT #impulsFP<\/p>\n","protected":false},"excerpt":{"rendered":"<p>Flors i violes \u00e9s una festivitat que es celebra a finals d&#8217;abril a Palafrugell on es decoren amb flors i plantes els carrers de la vila i es realitzen activitats, concerts&#8230; Des de fa uns anys el PFI PTT d&#8217;auxiliar de vivers i jardins de&hellip;  <a href=\"https:\/\/projectes.xtec.cat\/pfi\/general\/flors-i-violes-2021-projecte-integrat-auxiliar-vivers-i-jardins\/\" title=\"Read Flors i violes 2021: Projecte integrat Auxiliar vivers i jardins\">Llegeix m\u00e9s\u00bb<\/a><\/p>\n","protected":false},"author":65,"featured_media":12227,"comment_status":"open","ping_status":"closed","sticky":false,"template":"","format":"standard","meta":{"_bbp_topic_count":0,"_bbp_reply_count":0,"_bbp_total_topic_count":0,"_bbp_total_reply_count":0,"_bbp_voice_count":0,"_bbp_anonymous_reply_count":0,"_bbp_topic_count_hidden":0,"_bbp_reply_count_hidden":0,"_bbp_forum_subforum_count":0,"footnotes":""},"categories":[1,29],"tags":[289,364],"class_list":["post-12226","post","type-post","status-publish","format-standard","has-post-thumbnail","hentry","category-general","category-portada","tag-alumnes-pfi","tag-projectes"],"post_mailing_queue_ids":[],"_links":{"self":[{"href":"https:\/\/projectes.xtec.cat\/pfi\/wp-json\/wp\/v2\/posts\/12226","targetHints":{"allow":["GET"]}}],"collection":[{"href":"https:\/\/projectes.xtec.cat\/pfi\/wp-json\/wp\/v2\/posts"}],"about":[{"href":"https:\/\/projectes.xtec.cat\/pfi\/wp-json\/wp\/v2\/types\/post"}],"author":[{"embeddable":true,"href":"https:\/\/projectes.xtec.cat\/pfi\/wp-json\/wp\/v2\/users\/65"}],"replies":[{"embeddable":true,"href":"https:\/\/projectes.xtec.cat\/pfi\/wp-json\/wp\/v2\/comments?post=12226"}],"version-history":[{"count":2,"href":"https:\/\/projectes.xtec.cat\/pfi\/wp-json\/wp\/v2\/posts\/12226\/revisions"}],"predecessor-version":[{"id":12259,"href":"https:\/\/projectes.xtec.cat\/pfi\/wp-json\/wp\/v2\/posts\/12226\/revisions\/12259"}],"wp:featuredmedia":[{"embeddable":true,"href":"https:\/\/projectes.xtec.cat\/pfi\/wp-json\/wp\/v2\/media\/12227"}],"wp:attachment":[{"href":"https:\/\/projectes.xtec.cat\/pfi\/wp-json\/wp\/v2\/media?parent=12226"}],"wp:term":[{"taxonomy":"category","embeddable":true,"href":"https:\/\/projectes.xtec.cat\/pfi\/wp-json\/wp\/v2\/categories?post=12226"},{"taxonomy":"post_tag","embeddable":true,"href":"https:\/\/projectes.xtec.cat\/pfi\/wp-json\/wp\/v2\/tags?post=12226"}],"curies":[{"name":"wp","href":"https:\/\/api.w.org\/{rel}","templated":true}]}}