{"id":12252,"date":"2021-06-23T11:03:29","date_gmt":"2021-06-23T09:03:29","guid":{"rendered":"http:\/\/projectes.xtec.cat\/pfi\/?p=12252"},"modified":"2021-06-30T17:46:40","modified_gmt":"2021-06-30T15:46:40","slug":"reconeixement-de-lajuntament-de-palau-solita-i-plegamans-als-joves-del-pfi-ptt-dauxiliar-de-muntatges-dinstallacions-electriques-daigua-i-gas-pel-1er-premi-a-la-categoria-dinnovacio-als-pre","status":"publish","type":"post","link":"https:\/\/projectes.xtec.cat\/pfi\/general\/reconeixement-de-lajuntament-de-palau-solita-i-plegamans-als-joves-del-pfi-ptt-dauxiliar-de-muntatges-dinstallacions-electriques-daigua-i-gas-pel-1er-premi-a-la-categoria-dinnovacio-als-pre\/","title":{"rendered":"Reconeixement de l&#8217;Ajuntament de Palau-Solit\u00e0 i Plegamans als joves del PTT pel 1er Premi d&#8217;innovaci\u00f3 als Premis Impuls FP"},"content":{"rendered":"<p>El passat mes de maig des de l&#8217;Ajuntament de Palau-Solit\u00e0 i Plegamans, l&#8217;Alcalde, el Sr. Oriol Lozano Rocabruna, va presidir un acte de reconeixement per als joves del PTT d&#8217;Auxiliar de muntatges d&#8217;instal\u00b7lacions el\u00e8ctriques, d&#8217;aigua i gas que havien presentat el seu projecte, &#8220;<em>Arrencada en escalada&#8221;<\/em> als Premis Impuls d&#8217;FP quedant en primer lloc a la categoria d&#8217;innovaci\u00f3.<\/p>\n<p>Els estudiants, van elaborar un prototip d&#8217;un mecanisme d&#8217;arrencada en escala per l&#8217;enllumenat p\u00fablic de Palau-solit\u00e0 i Plegamans. La seva proposta es basa a reduir els pics de consum el\u00e8ctric en engegar l&#8217;enllumenat p\u00fablic municipal. L&#8217;objectiu\u00a0\u00e9s\u00a0reduir els\u00a0m\u00ednims\u00a0de contractaci\u00f3 el\u00e8ctrica, per\u00a0aix\u00f2, van crear un sistema d&#8217;arrencada en escala que permet reduir el consum, la contaminaci\u00f3 lum\u00ednica i obtenir una correcta efici\u00e8ncia energ\u00e8tica.<\/p>\n<p>Des del PFI-PTT es busca crear espais de col\u00b7laboraci\u00f3 amb l&#8217;Ajuntament, sobretot en relaci\u00f3 a la reducci\u00f3 de residus i la sostenibilitat medi ambiental. En aquesta ocasi\u00f3, en relaci\u00f3 amb la sensibilitzaci\u00f3 de l&#8217;alumnat sobre l&#8217;efici\u00e8ncia energ\u00e8tica. Es crear\u00e0 un grup d&#8217;intercanvi d&#8217;experi\u00e8ncies per veure en qu\u00e8 mesura \u00e9s sostenible el projecte al llarg del temps. Volen observar si t\u00e9 una rendibilitat econ\u00f2mica bastant elevada, com per poder autogestionar-se al llarg del temps.<\/p>\n<p><a href=\"https:\/\/projectes.xtec.cat\/pfi\/wp-content\/uploads\/usu1781\/2021\/06\/IMG-20210614-WA0028.jpg\"><img loading=\"lazy\" decoding=\"async\" class=\"alignnone size-full wp-image-12253\" src=\"https:\/\/projectes.xtec.cat\/pfi\/wp-content\/uploads\/usu1781\/2021\/06\/IMG-20210614-WA0028.jpg\" alt=\"\" width=\"531\" height=\"355\" srcset=\"https:\/\/projectes.xtec.cat\/pfi\/wp-content\/uploads\/usu1781\/2021\/06\/IMG-20210614-WA0028.jpg 531w, https:\/\/projectes.xtec.cat\/pfi\/wp-content\/uploads\/usu1781\/2021\/06\/IMG-20210614-WA0028-300x201.jpg 300w\" sizes=\"auto, (max-width: 531px) 100vw, 531px\" \/><\/a><\/p>\n<p><a href=\"https:\/\/projectes.xtec.cat\/pfi\/wp-content\/uploads\/usu1781\/2021\/06\/IMG-20210614-WA0030.jpg\"><img loading=\"lazy\" decoding=\"async\" class=\"alignnone size-large wp-image-12255\" src=\"https:\/\/projectes.xtec.cat\/pfi\/wp-content\/uploads\/usu1781\/2021\/06\/IMG-20210614-WA0030.jpg\" alt=\"\" width=\"693\" height=\"455\" srcset=\"https:\/\/projectes.xtec.cat\/pfi\/wp-content\/uploads\/usu1781\/2021\/06\/IMG-20210614-WA0030.jpg 693w, https:\/\/projectes.xtec.cat\/pfi\/wp-content\/uploads\/usu1781\/2021\/06\/IMG-20210614-WA0030-300x197.jpg 300w\" sizes=\"auto, (max-width: 693px) 100vw, 693px\" \/><\/a><\/p>\n<p>#pfiCAT #impulsFP<\/p>\n","protected":false},"excerpt":{"rendered":"<p>El passat mes de maig des de l&#8217;Ajuntament de Palau-Solit\u00e0 i Plegamans, l&#8217;Alcalde, el Sr. Oriol Lozano Rocabruna, va presidir un acte de reconeixement per als joves del PTT d&#8217;Auxiliar de muntatges d&#8217;instal\u00b7lacions el\u00e8ctriques, d&#8217;aigua i gas que havien presentat el seu projecte, &#8220;Arrencada en&hellip;  <a href=\"https:\/\/projectes.xtec.cat\/pfi\/general\/reconeixement-de-lajuntament-de-palau-solita-i-plegamans-als-joves-del-pfi-ptt-dauxiliar-de-muntatges-dinstallacions-electriques-daigua-i-gas-pel-1er-premi-a-la-categoria-dinnovacio-als-pre\/\" title=\"Read Reconeixement de l&#8217;Ajuntament de Palau-Solit\u00e0 i Plegamans als joves del PTT pel 1er Premi d&#8217;innovaci\u00f3 als Premis Impuls FP\">Llegeix m\u00e9s\u00bb<\/a><\/p>\n","protected":false},"author":115,"featured_media":12253,"comment_status":"open","ping_status":"closed","sticky":false,"template":"","format":"standard","meta":{"_bbp_topic_count":0,"_bbp_reply_count":0,"_bbp_total_topic_count":0,"_bbp_total_reply_count":0,"_bbp_voice_count":0,"_bbp_anonymous_reply_count":0,"_bbp_topic_count_hidden":0,"_bbp_reply_count_hidden":0,"_bbp_forum_subforum_count":0,"footnotes":""},"categories":[1,436,29],"tags":[289,419,364],"class_list":["post-12252","post","type-post","status-publish","format-standard","has-post-thumbnail","hentry","category-general","category-intercanvi-experiencies","category-portada","tag-alumnes-pfi","tag-intercanvi-dexperiencies","tag-projectes"],"post_mailing_queue_ids":[],"_links":{"self":[{"href":"https:\/\/projectes.xtec.cat\/pfi\/wp-json\/wp\/v2\/posts\/12252","targetHints":{"allow":["GET"]}}],"collection":[{"href":"https:\/\/projectes.xtec.cat\/pfi\/wp-json\/wp\/v2\/posts"}],"about":[{"href":"https:\/\/projectes.xtec.cat\/pfi\/wp-json\/wp\/v2\/types\/post"}],"author":[{"embeddable":true,"href":"https:\/\/projectes.xtec.cat\/pfi\/wp-json\/wp\/v2\/users\/115"}],"replies":[{"embeddable":true,"href":"https:\/\/projectes.xtec.cat\/pfi\/wp-json\/wp\/v2\/comments?post=12252"}],"version-history":[{"count":3,"href":"https:\/\/projectes.xtec.cat\/pfi\/wp-json\/wp\/v2\/posts\/12252\/revisions"}],"predecessor-version":[{"id":12275,"href":"https:\/\/projectes.xtec.cat\/pfi\/wp-json\/wp\/v2\/posts\/12252\/revisions\/12275"}],"wp:featuredmedia":[{"embeddable":true,"href":"https:\/\/projectes.xtec.cat\/pfi\/wp-json\/wp\/v2\/media\/12253"}],"wp:attachment":[{"href":"https:\/\/projectes.xtec.cat\/pfi\/wp-json\/wp\/v2\/media?parent=12252"}],"wp:term":[{"taxonomy":"category","embeddable":true,"href":"https:\/\/projectes.xtec.cat\/pfi\/wp-json\/wp\/v2\/categories?post=12252"},{"taxonomy":"post_tag","embeddable":true,"href":"https:\/\/projectes.xtec.cat\/pfi\/wp-json\/wp\/v2\/tags?post=12252"}],"curies":[{"name":"wp","href":"https:\/\/api.w.org\/{rel}","templated":true}]}}