{"id":12302,"date":"2021-06-25T09:55:18","date_gmt":"2021-06-25T07:55:18","guid":{"rendered":"http:\/\/projectes.xtec.cat\/pfi\/?p=12302"},"modified":"2021-06-30T17:39:28","modified_gmt":"2021-06-30T15:39:28","slug":"el-pfi-ptt-de-vilafranca-collabora-amb-el-rebost-solidari","status":"publish","type":"post","link":"https:\/\/projectes.xtec.cat\/pfi\/general\/el-pfi-ptt-de-vilafranca-collabora-amb-el-rebost-solidari\/","title":{"rendered":"El PFI-PTT de Vilafranca col\u00b7labora amb El Rebost Solidari\u00a0"},"content":{"rendered":"<p style=\"text-align: center;\"><b>El PFI-PTT de Vilafranca col\u00b7labora amb El Rebost Solidari\u00a0<\/b><\/p>\n<p><span style=\"font-weight: 400;\">Un any m\u00e9s, l\u2019alumnat del curs d\u2019Auxiliar de vendes, oficina i atenci\u00f3 al p\u00fablic del PFI-Pla de Transici\u00f3 al Treball de Vilafranca del Pened\u00e8s ha col\u00b7laborat amb El Rebost Solidari de Vilafranca.\u00a0<\/span><\/p>\n<p><span style=\"font-weight: 400;\">El Rebost Solidari, gestionat per l\u2019associaci\u00f3 Ress\u00f2, t\u00e9 per objectiu distribuir aliments a les fam\u00edlies de Vilafranca que ho necessiten, i que s\u00f3n derivades pels Serveis Socials de l\u2019Ajuntament.\u00a0\u00a0<\/span><\/p>\n<p><span style=\"font-weight: 400;\">Del 14 al 17 de juny, l\u2019alumnat ha participat en tasques d\u2019atenci\u00f3 al p\u00fablic, preparaci\u00f3 i classificaci\u00f3 d\u2019aliments, control d\u2019estocs, suport a la caixa i tasques auxiliars de magatzem al local de l\u2019Avinguda del Garraf, 18.\u00a0<\/span><\/p>\n<p><span style=\"font-weight: 400;\">La valoraci\u00f3 que n\u2019han fet els alumnes ha estat molt positiva. ja que aquesta estada formativa els ha perm\u00e8s posar en pr\u00e0ctica els coneixements adquirits al llarg del curs i els ha obert, a m\u00e9s a m\u00e9s, una finestra al m\u00f3n del voluntariat, proporcionant-los una experi\u00e8ncia de servei a la comunitat que ha deixat un impacte molt positiu en tot el grup, tant pel fet de ser una feina que tenia un valor afegit com pel bon ambient i l\u2019assessorament que han rebut per part de les persones volunt\u00e0ries del Rebost Solidari.<\/span><\/p>\n<p><span style=\"font-weight: 400;\">Des del PFI PTT, el professor t\u00e8cnic, Jes\u00fas B\u00e1denas, i la tutora, Imma Llopart, agraeixen als i les volunt\u00e0ries del Rebost Solidari, i especialment al Sr. Llu\u00eds L\u00e1zaro, que ens hagin facilitat una vegada m\u00e9s aquesta col\u00b7laboraci\u00f3 tan especial i enriquidora. <\/span><\/p>\n<p><span style=\"font-weight: 400;\">Aprofitem per animar a tothom que tingui una mica de temps lliure i ganes d\u2019ajudar, a posar-se en contacte amb el banc d&#8217;aliments que tinguin m\u00e9s proper, per tal de donar un cop de m\u00e0 en aquests temps en qu\u00e8 tota ajuda, per petita que sigui, \u00e9s benvinguda.<\/span><\/p>\n<p>#pfiCAT #impulsFP<\/p>\n","protected":false},"excerpt":{"rendered":"<p>El PFI-PTT de Vilafranca col\u00b7labora amb El Rebost Solidari\u00a0Un any m\u00e9s, l\u2019alumnat del curs d\u2019Auxiliar de vendes, oficina i atenci\u00f3 al p\u00fablic del PFI-Pla de Transici\u00f3 al Treball de Vilafranca del Pened\u00e8s ha col\u00b7laborat amb El Rebost Solidari de Vilafranca.\u00a0&hellip;  <a href=\"https:\/\/projectes.xtec.cat\/pfi\/general\/el-pfi-ptt-de-vilafranca-collabora-amb-el-rebost-solidari\/\" title=\"Read El PFI-PTT de Vilafranca col\u00b7labora amb El Rebost Solidari\u00a0\">Llegeix m\u00e9s\u00bb<\/a><\/p>\n","protected":false},"author":120,"featured_media":12304,"comment_status":"open","ping_status":"closed","sticky":false,"template":"","format":"standard","meta":{"_bbp_topic_count":0,"_bbp_reply_count":0,"_bbp_total_topic_count":0,"_bbp_total_reply_count":0,"_bbp_voice_count":0,"_bbp_anonymous_reply_count":0,"_bbp_topic_count_hidden":0,"_bbp_reply_count_hidden":0,"_bbp_forum_subforum_count":0,"footnotes":""},"categories":[1,436,29],"tags":[306,372,346,419,417,434,396,435],"class_list":["post-12302","post","type-post","status-publish","format-standard","has-post-thumbnail","hentry","category-general","category-intercanvi-experiencies","category-portada","tag-activitats","tag-compartir-experiencies","tag-experiencies","tag-intercanvi-dexperiencies","tag-ptt-vilafranca","tag-rebost-solidari","tag-vendes","tag-voluntariat"],"post_mailing_queue_ids":[],"_links":{"self":[{"href":"https:\/\/projectes.xtec.cat\/pfi\/wp-json\/wp\/v2\/posts\/12302","targetHints":{"allow":["GET"]}}],"collection":[{"href":"https:\/\/projectes.xtec.cat\/pfi\/wp-json\/wp\/v2\/posts"}],"about":[{"href":"https:\/\/projectes.xtec.cat\/pfi\/wp-json\/wp\/v2\/types\/post"}],"author":[{"embeddable":true,"href":"https:\/\/projectes.xtec.cat\/pfi\/wp-json\/wp\/v2\/users\/120"}],"replies":[{"embeddable":true,"href":"https:\/\/projectes.xtec.cat\/pfi\/wp-json\/wp\/v2\/comments?post=12302"}],"version-history":[{"count":3,"href":"https:\/\/projectes.xtec.cat\/pfi\/wp-json\/wp\/v2\/posts\/12302\/revisions"}],"predecessor-version":[{"id":12315,"href":"https:\/\/projectes.xtec.cat\/pfi\/wp-json\/wp\/v2\/posts\/12302\/revisions\/12315"}],"wp:featuredmedia":[{"embeddable":true,"href":"https:\/\/projectes.xtec.cat\/pfi\/wp-json\/wp\/v2\/media\/12304"}],"wp:attachment":[{"href":"https:\/\/projectes.xtec.cat\/pfi\/wp-json\/wp\/v2\/media?parent=12302"}],"wp:term":[{"taxonomy":"category","embeddable":true,"href":"https:\/\/projectes.xtec.cat\/pfi\/wp-json\/wp\/v2\/categories?post=12302"},{"taxonomy":"post_tag","embeddable":true,"href":"https:\/\/projectes.xtec.cat\/pfi\/wp-json\/wp\/v2\/tags?post=12302"}],"curies":[{"name":"wp","href":"https:\/\/api.w.org\/{rel}","templated":true}]}}