{"id":12497,"date":"2021-09-23T14:03:57","date_gmt":"2021-09-23T12:03:57","guid":{"rendered":"https:\/\/projectes.xtec.cat\/pfi\/?p=12497"},"modified":"2021-09-23T14:01:20","modified_gmt":"2021-09-23T12:01:20","slug":"inscripcions-obertes-formacio-especifica-professorat-pfi","status":"publish","type":"post","link":"https:\/\/projectes.xtec.cat\/pfi\/portada\/inscripcions-obertes-formacio-especifica-professorat-pfi\/","title":{"rendered":"\u00daltims dies d&#8217;inscripci\u00f3! Formaci\u00f3 espec\u00edfica professorat PFI"},"content":{"rendered":"<p>El<strong> 26\/09 <\/strong>\u00a0finalitzen les inscripcions la formaci\u00f3 espec\u00edfica per a professorat PFI. Les formacions planificades s\u00f3n:<\/p>\n<p><strong>PFI: Plantejament, eines i estrat\u00e8gies<\/strong> (professorat novell)<br \/>\nCurs. VT Curs a dist\u00e0ncia (A dist\u00e0ncia). Del dimarts 21\/9\/2021 al 5\/12\/2021<\/p>\n<p><strong>LEGO\u00ae Serious Play\u00ae: joc i storytelling en Educaci\u00f3<\/strong><br \/>\nCurs. VT Curs a dist\u00e0ncia (A dist\u00e0ncia). Del dijous 14\/10\/2021 al 5\/12\/2021<\/p>\n<p><strong>\u00a0Eines google per a professorat PFI<\/strong><br \/>\nCurs. VT Curs a dist\u00e0ncia (A dist\u00e0ncia). Del dijous 14\/10\/2021 al 5\/12\/2021<\/p>\n<p><strong>Com treballar la perspectiva de g\u00e8nere a l&#8217;FP?<\/strong><br \/>\nCurs. VT Curs a dist\u00e0ncia (A dist\u00e0ncia). Del dijous 14\/10\/2021 al 5\/12\/2021<\/p>\n<p>Per a m\u00e9s informaci\u00f3 i inscripcions <a href=\"https:\/\/aplicacions.gestioeducativa.gencat.cat\/pls\/soloas\/pk_for_mod_ins.p_for_cons_activitats?p_any=&amp;p_tipus_act=EGOO,LSP,PEE,PGC,AULC&amp;p_totes=N\">clica aqu\u00ed<\/a><\/p>\n<p>#pfiCAT #impulsFP #SomFP<\/p>\n","protected":false},"excerpt":{"rendered":"<p>El 26\/09 \u00a0finalitzen les inscripcions la formaci\u00f3 espec\u00edfica per a professorat PFI. Les formacions planificades s\u00f3n:<br \/>\nPFI: Plantejament, eines i estrat\u00e8gies (professorat novell)<br \/>\nCurs. VT Curs a dist\u00e0ncia (A dist\u00e0ncia). Del dimarts 21\/9\/2021 al 5\/12\/2021<br \/>\nLEGO\u00ae Serious Play\u00ae: joc i storytelling en Educaci\u00f3<br \/>\nCurs. VT Curs a dist\u00e0ncia (A&hellip;  <a href=\"https:\/\/projectes.xtec.cat\/pfi\/portada\/inscripcions-obertes-formacio-especifica-professorat-pfi\/\" title=\"Read \u00daltims dies d&#8217;inscripci\u00f3! Formaci\u00f3 espec\u00edfica professorat PFI\">Llegeix m\u00e9s\u00bb<\/a><\/p>\n","protected":false},"author":1,"featured_media":12500,"comment_status":"open","ping_status":"closed","sticky":false,"template":"","format":"standard","meta":{"_bbp_topic_count":0,"_bbp_reply_count":0,"_bbp_total_topic_count":0,"_bbp_total_reply_count":0,"_bbp_voice_count":0,"_bbp_anonymous_reply_count":0,"_bbp_topic_count_hidden":0,"_bbp_reply_count_hidden":0,"_bbp_forum_subforum_count":0,"footnotes":""},"categories":[154,29],"tags":[],"class_list":["post-12497","post","type-post","status-publish","format-standard","has-post-thumbnail","hentry","category-formacio","category-portada"],"post_mailing_queue_ids":[],"_links":{"self":[{"href":"https:\/\/projectes.xtec.cat\/pfi\/wp-json\/wp\/v2\/posts\/12497","targetHints":{"allow":["GET"]}}],"collection":[{"href":"https:\/\/projectes.xtec.cat\/pfi\/wp-json\/wp\/v2\/posts"}],"about":[{"href":"https:\/\/projectes.xtec.cat\/pfi\/wp-json\/wp\/v2\/types\/post"}],"author":[{"embeddable":true,"href":"https:\/\/projectes.xtec.cat\/pfi\/wp-json\/wp\/v2\/users\/1"}],"replies":[{"embeddable":true,"href":"https:\/\/projectes.xtec.cat\/pfi\/wp-json\/wp\/v2\/comments?post=12497"}],"version-history":[{"count":3,"href":"https:\/\/projectes.xtec.cat\/pfi\/wp-json\/wp\/v2\/posts\/12497\/revisions"}],"predecessor-version":[{"id":12531,"href":"https:\/\/projectes.xtec.cat\/pfi\/wp-json\/wp\/v2\/posts\/12497\/revisions\/12531"}],"wp:featuredmedia":[{"embeddable":true,"href":"https:\/\/projectes.xtec.cat\/pfi\/wp-json\/wp\/v2\/media\/12500"}],"wp:attachment":[{"href":"https:\/\/projectes.xtec.cat\/pfi\/wp-json\/wp\/v2\/media?parent=12497"}],"wp:term":[{"taxonomy":"category","embeddable":true,"href":"https:\/\/projectes.xtec.cat\/pfi\/wp-json\/wp\/v2\/categories?post=12497"},{"taxonomy":"post_tag","embeddable":true,"href":"https:\/\/projectes.xtec.cat\/pfi\/wp-json\/wp\/v2\/tags?post=12497"}],"curies":[{"name":"wp","href":"https:\/\/api.w.org\/{rel}","templated":true}]}}