{"id":12538,"date":"2021-09-29T11:38:40","date_gmt":"2021-09-29T09:38:40","guid":{"rendered":"https:\/\/projectes.xtec.cat\/pfi\/?p=12538"},"modified":"2021-09-29T11:38:40","modified_gmt":"2021-09-29T09:38:40","slug":"romanic-gotic-renaixement-i-barroc-estils-dart-en-el-pfi","status":"publish","type":"post","link":"https:\/\/projectes.xtec.cat\/pfi\/general\/romanic-gotic-renaixement-i-barroc-estils-dart-en-el-pfi\/","title":{"rendered":"Rom\u00e0nic, G\u00f2tic, Renaixement i Barroc. Estils d&#8217;art en el PFI"},"content":{"rendered":"<p>Des del PFI d\u2019Auxiliar d\u2019hoteleria: cuina i c\u00e0tering (HT02-NEE) de la Fundaci\u00f3 Merc\u00e8 Pla (Tortosa) vam elaborar durant el curs 2020-2021 quatre presentacions per tal de treballar els arts Rom\u00e0nic, G\u00f2tic, Renaixement i Barroc a les Terres de l&#8217;Ebre. D&#8217;aquesta manera vam treballar aquesta unitat pertanyent al m\u00f2dul MFG2 Entorn Social i Territorial. Malgrat orientar-se al context de les comarques de l&#8217;Ebre, el fet de definir una manera d&#8217;estructurar la informaci\u00f3 fa que siguin interessants per qualsevol PFI.<\/p>\n<table>\n<tbody>\n<tr>\n<td style=\"text-align: center;\"><a href=\"https:\/\/drive.google.com\/file\/d\/1ESawZPjokjrRFV_w_bvu6FhTQ-JvjeN6\/view?usp=sharing\"><img loading=\"lazy\" decoding=\"async\" class=\"alignnone size-large wp-image-12542\" src=\"https:\/\/projectes.xtec.cat\/pfi\/wp-content\/uploads\/usu1781\/2021\/09\/ArtRomanic-1024x575.png\" alt=\"\" width=\"1024\" height=\"575\" srcset=\"https:\/\/projectes.xtec.cat\/pfi\/wp-content\/uploads\/usu1781\/2021\/09\/ArtRomanic-1024x575.png 1024w, https:\/\/projectes.xtec.cat\/pfi\/wp-content\/uploads\/usu1781\/2021\/09\/ArtRomanic-300x168.png 300w, https:\/\/projectes.xtec.cat\/pfi\/wp-content\/uploads\/usu1781\/2021\/09\/ArtRomanic-768x431.png 768w, https:\/\/projectes.xtec.cat\/pfi\/wp-content\/uploads\/usu1781\/2021\/09\/ArtRomanic.png 1104w\" sizes=\"auto, (max-width: 1024px) 100vw, 1024px\" \/><\/a><\/td>\n<td style=\"text-align: center;\"><a href=\"https:\/\/drive.google.com\/file\/d\/18HWgoZ2MYcXPnCDdJ-VAa0Xsogdyya44\/view?usp=sharing\"><img loading=\"lazy\" decoding=\"async\" class=\"alignnone size-large wp-image-12540\" src=\"https:\/\/projectes.xtec.cat\/pfi\/wp-content\/uploads\/usu1781\/2021\/09\/Art-Gotic-1024x577.png\" alt=\"\" width=\"1024\" height=\"577\" srcset=\"https:\/\/projectes.xtec.cat\/pfi\/wp-content\/uploads\/usu1781\/2021\/09\/Art-Gotic-1024x577.png 1024w, https:\/\/projectes.xtec.cat\/pfi\/wp-content\/uploads\/usu1781\/2021\/09\/Art-Gotic-300x169.png 300w, https:\/\/projectes.xtec.cat\/pfi\/wp-content\/uploads\/usu1781\/2021\/09\/Art-Gotic-768x433.png 768w, https:\/\/projectes.xtec.cat\/pfi\/wp-content\/uploads\/usu1781\/2021\/09\/Art-Gotic.png 1107w\" sizes=\"auto, (max-width: 1024px) 100vw, 1024px\" \/><\/a><\/td>\n<td style=\"text-align: center;\"><a href=\"https:\/\/drive.google.com\/file\/d\/1BpqoCtIMzEiwCbc-sDYxbWKtqCO5FVQU\/view?usp=sharing\"><img loading=\"lazy\" decoding=\"async\" class=\"alignnone size-large wp-image-12541\" src=\"https:\/\/projectes.xtec.cat\/pfi\/wp-content\/uploads\/usu1781\/2021\/09\/ArtRenaixement-1024x576.png\" alt=\"\" width=\"1024\" height=\"576\" srcset=\"https:\/\/projectes.xtec.cat\/pfi\/wp-content\/uploads\/usu1781\/2021\/09\/ArtRenaixement-1024x576.png 1024w, https:\/\/projectes.xtec.cat\/pfi\/wp-content\/uploads\/usu1781\/2021\/09\/ArtRenaixement-300x169.png 300w, https:\/\/projectes.xtec.cat\/pfi\/wp-content\/uploads\/usu1781\/2021\/09\/ArtRenaixement-768x432.png 768w, https:\/\/projectes.xtec.cat\/pfi\/wp-content\/uploads\/usu1781\/2021\/09\/ArtRenaixement.png 1110w\" sizes=\"auto, (max-width: 1024px) 100vw, 1024px\" \/><\/a><\/td>\n<td style=\"text-align: center;\"><a href=\"https:\/\/drive.google.com\/file\/d\/1EFOJinv_t5JLHSewXohLaDa8ud3WrzbG\/view?usp=sharing\"><img loading=\"lazy\" decoding=\"async\" class=\"alignnone size-large wp-image-12539\" src=\"https:\/\/projectes.xtec.cat\/pfi\/wp-content\/uploads\/usu1781\/2021\/09\/Art-barroc-1024x578.png\" alt=\"\" width=\"1024\" height=\"578\" srcset=\"https:\/\/projectes.xtec.cat\/pfi\/wp-content\/uploads\/usu1781\/2021\/09\/Art-barroc-1024x578.png 1024w, https:\/\/projectes.xtec.cat\/pfi\/wp-content\/uploads\/usu1781\/2021\/09\/Art-barroc-300x169.png 300w, https:\/\/projectes.xtec.cat\/pfi\/wp-content\/uploads\/usu1781\/2021\/09\/Art-barroc-768x433.png 768w, https:\/\/projectes.xtec.cat\/pfi\/wp-content\/uploads\/usu1781\/2021\/09\/Art-barroc.png 1104w\" sizes=\"auto, (max-width: 1024px) 100vw, 1024px\" \/><\/a><\/td>\n<\/tr>\n<\/tbody>\n<\/table>\n<p>Tot seguit vam desenvolupar una activitat de revisi\u00f3 i s\u00edntesi dels quatre estils d&#8217;art. Finalment, un dels models d&#8217;examen que van haver de superar els alumnes al final de la unitat.<\/p>\n<table style=\"border-collapse: collapse; width: 100%;\">\n<tbody>\n<tr>\n<td style=\"width: 66.4824%;\"><a href=\"https:\/\/drive.google.com\/file\/d\/1SZzQm2Vcry6aStsEtFWlbtkgT5Nhq_dv\/view?usp=sharing\"><img loading=\"lazy\" decoding=\"async\" class=\"alignnone wp-image-12543\" src=\"https:\/\/projectes.xtec.cat\/pfi\/wp-content\/uploads\/usu1781\/2021\/09\/Revisio4-estils-1024x578.png\" alt=\"\" width=\"633\" height=\"357\" srcset=\"https:\/\/projectes.xtec.cat\/pfi\/wp-content\/uploads\/usu1781\/2021\/09\/Revisio4-estils-1024x578.png 1024w, https:\/\/projectes.xtec.cat\/pfi\/wp-content\/uploads\/usu1781\/2021\/09\/Revisio4-estils-300x169.png 300w, https:\/\/projectes.xtec.cat\/pfi\/wp-content\/uploads\/usu1781\/2021\/09\/Revisio4-estils-768x433.png 768w, https:\/\/projectes.xtec.cat\/pfi\/wp-content\/uploads\/usu1781\/2021\/09\/Revisio4-estils.png 1113w\" sizes=\"auto, (max-width: 633px) 100vw, 633px\" \/><\/a><\/td>\n<td style=\"width: 33.5176%;\"><a href=\"https:\/\/docs.google.com\/forms\/d\/1GHk3Fcef26F699FpIZCWzXcjfmu8SgspSe6g_fghTkU\/edit?usp=sharing\"><img loading=\"lazy\" decoding=\"async\" class=\"alignnone size-full wp-image-12544\" src=\"https:\/\/projectes.xtec.cat\/pfi\/wp-content\/uploads\/usu1781\/2021\/09\/Examen.png\" alt=\"\" width=\"616\" height=\"822\" srcset=\"https:\/\/projectes.xtec.cat\/pfi\/wp-content\/uploads\/usu1781\/2021\/09\/Examen.png 616w, https:\/\/projectes.xtec.cat\/pfi\/wp-content\/uploads\/usu1781\/2021\/09\/Examen-225x300.png 225w\" sizes=\"auto, (max-width: 616px) 100vw, 616px\" \/><\/a><\/td>\n<\/tr>\n<\/tbody>\n<\/table>\n<p>Conven\u00e7uts de la necessitat de dedicar una part important del nostre esfor\u00e7 a compartir amb la resta de la comunitat PFI els materials i estrat\u00e8gies emprades, intentarem seguir publicant properament m\u00e9s exemples del nostre dia.<\/p>\n<p>#pfiCAT #impulsFP #SomFP<\/p>\n","protected":false},"excerpt":{"rendered":"<p>Des del PFI d\u2019Auxiliar d\u2019hoteleria: cuina i c\u00e0tering (HT02-NEE) de la Fundaci\u00f3 Merc\u00e8 Pla (Tortosa) vam elaborar durant el curs 2020-2021 quatre presentacions per tal de treballar els arts Rom\u00e0nic, G\u00f2tic, Renaixement i Barroc a les Terres de l&#8217;Ebre. D&#8217;aquesta manera vam treballar aquesta unitat pertanyent al m\u00f2dul MFG2 Entorn Social i Territorial. Malgrat orientar-se al context de les comarques de l&#8217;Ebre, el fet de definir una manera d&#8217;estructurar la informaci\u00f3 fa que siguin interessants per qualsevol PFI.&hellip;  <a href=\"https:\/\/projectes.xtec.cat\/pfi\/general\/romanic-gotic-renaixement-i-barroc-estils-dart-en-el-pfi\/\" title=\"Read Rom\u00e0nic, G\u00f2tic, Renaixement i Barroc. Estils d&#8217;art en el PFI\">Llegeix m\u00e9s\u00bb<\/a><\/p>\n","protected":false},"author":75,"featured_media":12539,"comment_status":"open","ping_status":"closed","sticky":false,"template":"","format":"standard","meta":{"_bbp_topic_count":0,"_bbp_reply_count":0,"_bbp_total_topic_count":0,"_bbp_total_reply_count":0,"_bbp_voice_count":0,"_bbp_anonymous_reply_count":0,"_bbp_topic_count_hidden":0,"_bbp_reply_count_hidden":0,"_bbp_forum_subforum_count":0,"footnotes":""},"categories":[1,29],"tags":[447,448,446,445],"class_list":["post-12538","post","type-post","status-publish","format-standard","has-post-thumbnail","hentry","category-general","category-portada","tag-estils-artistics","tag-materials","tag-mfg2","tag-moduls-generals"],"post_mailing_queue_ids":[],"_links":{"self":[{"href":"https:\/\/projectes.xtec.cat\/pfi\/wp-json\/wp\/v2\/posts\/12538","targetHints":{"allow":["GET"]}}],"collection":[{"href":"https:\/\/projectes.xtec.cat\/pfi\/wp-json\/wp\/v2\/posts"}],"about":[{"href":"https:\/\/projectes.xtec.cat\/pfi\/wp-json\/wp\/v2\/types\/post"}],"author":[{"embeddable":true,"href":"https:\/\/projectes.xtec.cat\/pfi\/wp-json\/wp\/v2\/users\/75"}],"replies":[{"embeddable":true,"href":"https:\/\/projectes.xtec.cat\/pfi\/wp-json\/wp\/v2\/comments?post=12538"}],"version-history":[{"count":3,"href":"https:\/\/projectes.xtec.cat\/pfi\/wp-json\/wp\/v2\/posts\/12538\/revisions"}],"predecessor-version":[{"id":12547,"href":"https:\/\/projectes.xtec.cat\/pfi\/wp-json\/wp\/v2\/posts\/12538\/revisions\/12547"}],"wp:featuredmedia":[{"embeddable":true,"href":"https:\/\/projectes.xtec.cat\/pfi\/wp-json\/wp\/v2\/media\/12539"}],"wp:attachment":[{"href":"https:\/\/projectes.xtec.cat\/pfi\/wp-json\/wp\/v2\/media?parent=12538"}],"wp:term":[{"taxonomy":"category","embeddable":true,"href":"https:\/\/projectes.xtec.cat\/pfi\/wp-json\/wp\/v2\/categories?post=12538"},{"taxonomy":"post_tag","embeddable":true,"href":"https:\/\/projectes.xtec.cat\/pfi\/wp-json\/wp\/v2\/tags?post=12538"}],"curies":[{"name":"wp","href":"https:\/\/api.w.org\/{rel}","templated":true}]}}