{"id":12636,"date":"2021-10-25T09:16:20","date_gmt":"2021-10-25T07:16:20","guid":{"rendered":"https:\/\/projectes.xtec.cat\/pfi\/?p=12636"},"modified":"2021-10-25T09:17:26","modified_gmt":"2021-10-25T07:17:26","slug":"acte-dinauguracio-pfis-de-badalona","status":"publish","type":"post","link":"https:\/\/projectes.xtec.cat\/pfi\/general\/acte-dinauguracio-pfis-de-badalona\/","title":{"rendered":"Acte d&#8217;inauguraci\u00f3 PFI&#8217;s de Badalona"},"content":{"rendered":"<p>El passat 19 d&#8217;octubre els alumnes del PFI de Jardineria i Pintura de l&#8217;Institut Isaac Alb\u00e9niz van assistir a l&#8217;acte d&#8217;inauguraci\u00f3 dels PFI&#8217;s de Badalona amb la pres\u00e8ncia de la Regidora d&#8217;Educaci\u00f3, Cultura i Joventut.<\/p>\n<p>Va ser una sessi\u00f3 destinada a encoratjar l&#8217;alumnat, donant-li veu i visibilitat. L&#8217;ajuntament va fer un petit obsequi a tots els i les assistents on apareixia la frase-resum de l&#8217;acte: &#8220;La dist\u00e0ncia entre tu i les teves fites \u00e9s l&#8217;actitud&#8221;.<\/p>\n<div><\/div>\n<div><a href=\"https:\/\/projectes.xtec.cat\/pfi\/wp-content\/uploads\/usu1781\/2021\/10\/WhatsApp-Image-2021-10-19-at-14.23.14-1.jpg\"><img loading=\"lazy\" decoding=\"async\" class=\"alignnone wp-image-12638\" src=\"https:\/\/projectes.xtec.cat\/pfi\/wp-content\/uploads\/usu1781\/2021\/10\/WhatsApp-Image-2021-10-19-at-14.23.14-1-1024x355.jpg\" alt=\"\" width=\"508\" height=\"176\" \/> \u00a0 <\/a><\/div>\n<div><\/div>\n<div><\/div>\n<div>Gr\u00e0cies a tots\/es!<\/div>\n<div><\/div>\n<div>#pfiCAT #impulsFP #SomFP<\/div>\n<p>&nbsp;<\/p>\n","protected":false},"excerpt":{"rendered":"<p>El passat 19 d&#8217;octubre els alumnes del PFI de Jardineria i Pintura de l&#8217;Institut Isaac Alb\u00e9niz van assistir a l&#8217;acte d&#8217;inauguraci\u00f3 dels PFI&#8217;s de Badalona amb la pres\u00e8ncia de la Regidora d&#8217;Educaci\u00f3, Cultura i Joventut.<br \/>\nVa ser una sessi\u00f3 destinada a encoratjar l&#8217;alumnat, donant-li veu i&hellip;  <a href=\"https:\/\/projectes.xtec.cat\/pfi\/general\/acte-dinauguracio-pfis-de-badalona\/\" title=\"Read Acte d&#8217;inauguraci\u00f3 PFI&#8217;s de Badalona\">Llegeix m\u00e9s\u00bb<\/a><\/p>\n","protected":false},"author":178,"featured_media":12638,"comment_status":"open","ping_status":"closed","sticky":false,"template":"","format":"standard","meta":{"_bbp_topic_count":0,"_bbp_reply_count":0,"_bbp_total_topic_count":0,"_bbp_total_reply_count":0,"_bbp_voice_count":0,"_bbp_anonymous_reply_count":0,"_bbp_topic_count_hidden":0,"_bbp_reply_count_hidden":0,"_bbp_forum_subforum_count":0,"footnotes":""},"categories":[1,29],"tags":[],"class_list":["post-12636","post","type-post","status-publish","format-standard","has-post-thumbnail","hentry","category-general","category-portada"],"post_mailing_queue_ids":[],"_links":{"self":[{"href":"https:\/\/projectes.xtec.cat\/pfi\/wp-json\/wp\/v2\/posts\/12636","targetHints":{"allow":["GET"]}}],"collection":[{"href":"https:\/\/projectes.xtec.cat\/pfi\/wp-json\/wp\/v2\/posts"}],"about":[{"href":"https:\/\/projectes.xtec.cat\/pfi\/wp-json\/wp\/v2\/types\/post"}],"author":[{"embeddable":true,"href":"https:\/\/projectes.xtec.cat\/pfi\/wp-json\/wp\/v2\/users\/178"}],"replies":[{"embeddable":true,"href":"https:\/\/projectes.xtec.cat\/pfi\/wp-json\/wp\/v2\/comments?post=12636"}],"version-history":[{"count":2,"href":"https:\/\/projectes.xtec.cat\/pfi\/wp-json\/wp\/v2\/posts\/12636\/revisions"}],"predecessor-version":[{"id":12640,"href":"https:\/\/projectes.xtec.cat\/pfi\/wp-json\/wp\/v2\/posts\/12636\/revisions\/12640"}],"wp:featuredmedia":[{"embeddable":true,"href":"https:\/\/projectes.xtec.cat\/pfi\/wp-json\/wp\/v2\/media\/12638"}],"wp:attachment":[{"href":"https:\/\/projectes.xtec.cat\/pfi\/wp-json\/wp\/v2\/media?parent=12636"}],"wp:term":[{"taxonomy":"category","embeddable":true,"href":"https:\/\/projectes.xtec.cat\/pfi\/wp-json\/wp\/v2\/categories?post=12636"},{"taxonomy":"post_tag","embeddable":true,"href":"https:\/\/projectes.xtec.cat\/pfi\/wp-json\/wp\/v2\/tags?post=12636"}],"curies":[{"name":"wp","href":"https:\/\/api.w.org\/{rel}","templated":true}]}}