{"id":12695,"date":"2021-11-03T14:08:45","date_gmt":"2021-11-03T13:08:45","guid":{"rendered":"https:\/\/projectes.xtec.cat\/pfi\/?p=12695"},"modified":"2021-11-19T10:57:33","modified_gmt":"2021-11-19T09:57:33","slug":"el-pfi-ptt-de-cuina-de-tortosa-visita-el-castell-de-la-suda","status":"publish","type":"post","link":"https:\/\/projectes.xtec.cat\/pfi\/general\/el-pfi-ptt-de-cuina-de-tortosa-visita-el-castell-de-la-suda\/","title":{"rendered":"El PFI- PTT de Cuina de Tortosa visita el Castell de la Suda"},"content":{"rendered":"<p><a href=\"https:\/\/projectes.xtec.cat\/pfi\/wp-content\/uploads\/usu1781\/2021\/10\/Captura.jpg\"><img loading=\"lazy\" decoding=\"async\" class=\"alignnone size-full wp-image-12697\" src=\"https:\/\/projectes.xtec.cat\/pfi\/wp-content\/uploads\/usu1781\/2021\/10\/Captura.jpg\" alt=\"\" width=\"941\" height=\"593\" srcset=\"https:\/\/projectes.xtec.cat\/pfi\/wp-content\/uploads\/usu1781\/2021\/10\/Captura.jpg 941w, https:\/\/projectes.xtec.cat\/pfi\/wp-content\/uploads\/usu1781\/2021\/10\/Captura-300x189.jpg 300w, https:\/\/projectes.xtec.cat\/pfi\/wp-content\/uploads\/usu1781\/2021\/10\/Captura-768x484.jpg 768w\" sizes=\"auto, (max-width: 941px) 100vw, 941px\" \/><\/a><\/p>\n<p>El 29 d&#8217;octubre, L\u2019alumnat del PTT de Cuina de Tortosa (Institut Dertosa)<strong>, <\/strong>han visitat el castell de la Suda i les muralles avan\u00e7ades de Sant Joan. Durant la visita els aprenents, acompanyats dels professors Rub\u00e9n Ibarra i Pep Vall\u00e9s,\u00a0han pogut con\u00e8ixer els or\u00edgens, el perqu\u00e8 de la construcci\u00f3 del castell i les fortificacions de la ciutat.<\/p>\n<p>El castell est\u00e0 situat al tur\u00f3 central de la ciutat antiga. S&#8217;hi han trobat restes iberes i romanes, ja que van ser els romans els \u00faltims que van aixecar les primeres fortificacions de la ciutat. Fou en temps d\u2019Abd-al-Rahman III quan els musulmans li donaren l&#8217;actual forma. Despr\u00e9s de la reconquesta de Tortosa per part del comte Ramon Berenguer IV (1148), el castell passa a ser resid\u00e8ncia dels Montcada (llinatge important de Catalunya) i dels templers (orde dels Pobres Cavallers de Crist i del Temple de Salom\u00f3). El castell tamb\u00e9 fou resid\u00e8ncia reial per a Jaume I. Des del 1972 \u00e9s parador nacional de turisme.<\/p>\n<p>La visita va continuar a les muralles avan\u00e7ades de Sant Joan, constru\u00efdes durant els segles XVII i XVIII. Es tracta d\u2019una continuaci\u00f3 del refor\u00e7 defensiu del castell.<\/p>\n<p>La sortida est\u00e0 programada dins del m\u00f2dul d&#8217;entorn social i teritorial.<\/p>\n<p>#pfiCAT #impulsFP<\/p>\n","protected":false},"excerpt":{"rendered":"<p><a href=\"https:\/\/projectes.xtec.cat\/pfi\/wp-content\/uploads\/usu1781\/2021\/10\/Captura.jpg\"><\/a><br \/>\nEl 29 d&#8217;octubre, L\u2019alumnat del PTT de Cuina de Tortosa (Institut Dertosa), han visitat el castell de la Suda i les muralles avan\u00e7ades de Sant Joan. Durant la visita els aprenents, acompanyats dels professors Rub\u00e9n Ibarra i Pep Vall\u00e9s,\u00a0han pogut con\u00e8ixer els or\u00edgens, el&hellip;  <a href=\"https:\/\/projectes.xtec.cat\/pfi\/general\/el-pfi-ptt-de-cuina-de-tortosa-visita-el-castell-de-la-suda\/\" title=\"Read El PFI- PTT de Cuina de Tortosa visita el Castell de la Suda\">Llegeix m\u00e9s\u00bb<\/a><\/p>\n","protected":false},"author":24,"featured_media":12697,"comment_status":"open","ping_status":"closed","sticky":false,"template":"","format":"standard","meta":{"_bbp_topic_count":0,"_bbp_reply_count":0,"_bbp_total_topic_count":0,"_bbp_total_reply_count":0,"_bbp_voice_count":0,"_bbp_anonymous_reply_count":0,"_bbp_topic_count_hidden":0,"_bbp_reply_count_hidden":0,"_bbp_forum_subforum_count":0,"footnotes":""},"categories":[1,29],"tags":[],"class_list":["post-12695","post","type-post","status-publish","format-standard","has-post-thumbnail","hentry","category-general","category-portada"],"post_mailing_queue_ids":[],"_links":{"self":[{"href":"https:\/\/projectes.xtec.cat\/pfi\/wp-json\/wp\/v2\/posts\/12695","targetHints":{"allow":["GET"]}}],"collection":[{"href":"https:\/\/projectes.xtec.cat\/pfi\/wp-json\/wp\/v2\/posts"}],"about":[{"href":"https:\/\/projectes.xtec.cat\/pfi\/wp-json\/wp\/v2\/types\/post"}],"author":[{"embeddable":true,"href":"https:\/\/projectes.xtec.cat\/pfi\/wp-json\/wp\/v2\/users\/24"}],"replies":[{"embeddable":true,"href":"https:\/\/projectes.xtec.cat\/pfi\/wp-json\/wp\/v2\/comments?post=12695"}],"version-history":[{"count":3,"href":"https:\/\/projectes.xtec.cat\/pfi\/wp-json\/wp\/v2\/posts\/12695\/revisions"}],"predecessor-version":[{"id":12711,"href":"https:\/\/projectes.xtec.cat\/pfi\/wp-json\/wp\/v2\/posts\/12695\/revisions\/12711"}],"wp:featuredmedia":[{"embeddable":true,"href":"https:\/\/projectes.xtec.cat\/pfi\/wp-json\/wp\/v2\/media\/12697"}],"wp:attachment":[{"href":"https:\/\/projectes.xtec.cat\/pfi\/wp-json\/wp\/v2\/media?parent=12695"}],"wp:term":[{"taxonomy":"category","embeddable":true,"href":"https:\/\/projectes.xtec.cat\/pfi\/wp-json\/wp\/v2\/categories?post=12695"},{"taxonomy":"post_tag","embeddable":true,"href":"https:\/\/projectes.xtec.cat\/pfi\/wp-json\/wp\/v2\/tags?post=12695"}],"curies":[{"name":"wp","href":"https:\/\/api.w.org\/{rel}","templated":true}]}}