{"id":12756,"date":"2021-11-29T12:51:01","date_gmt":"2021-11-29T11:51:01","guid":{"rendered":"https:\/\/projectes.xtec.cat\/pfi\/?p=12756"},"modified":"2021-11-29T12:54:09","modified_gmt":"2021-11-29T11:54:10","slug":"el-ptt-de-puig-reig-visita-la-colonia-vidal","status":"publish","type":"post","link":"https:\/\/projectes.xtec.cat\/pfi\/general\/el-ptt-de-puig-reig-visita-la-colonia-vidal\/","title":{"rendered":"El PFI PTT de Puig-Reig visita la col\u00f2nia Vidal"},"content":{"rendered":"<p>El dia 16 de novembre els alumnes del PFI PTT de Puig-Reig vam poder visitar Cal Vidal, una col\u00f2nia t\u00e8xtil del Llobregat que ha mantingut gran part intacta des del seu tancament i que l&#8217;ha convertit en un museu interactiu.<\/p>\n<p>Gr\u00e0cies a les explicacions de la Merc\u00e8, hem descobert com eren les condicions de les persones que van abandonar la vida rural per anar a treballar a la f\u00e0brica t\u00e8xtil i viure amb les normes de les col\u00f2nies. Una vida que va marcar tota una generaci\u00f3, especialment a la nostra comarca, i que encara ara condiciona la vida social.<\/p>\n<p>Per aprofitar l&#8217;energia hidr\u00e0ulica que proporciona el riu, les f\u00e0briques es van construir al seu costat i degut als pocs mitjans de transport de l&#8217;\u00e8poca, va resultar m\u00e9s efica\u00e7 construir els habitatges i els serveis que necessitava la classe treballadora al costat de la f\u00e0brica. Aix\u00ed van n\u00e9ixer les col\u00f2nies t\u00e8xtils al Llobregat, uns pobles petits autosuficients, on no calia sortir-ne per aconseguir res b\u00e0sic, i on l&#8217;amo ho controlava tot. Uns sous miserables per jornades de 12 hores, una pres\u00e8ncia omnipotent de la religi\u00f3 i una educaci\u00f3 dissenyada perqu\u00e8 res no canvi\u00e9s, van fer d&#8217;aquest sistema de vida dur\u00e9s gaireb\u00e9 un segle.<\/p>\n<p>Avui en dia en queden les construccions. Els habitatges que ara s\u00f3n propietat dels seus habitants, les f\u00e0briques que s&#8217;han reconvertit i modernitzat, i les turbines que continuen produint electricitat. A Cal Vidal per\u00f2, gran part de la col\u00f2nia va quedar aturada en el temps i ens permet visitar aquella \u00e8poca i veure com vivien.<\/p>\n<p>Una sortida molt enriquidora!<\/p>\n<table style=\"border-collapse: collapse; width: 100%;\">\n<tbody>\n<tr>\n<td style=\"width: 33.3333%;\"><a href=\"https:\/\/projectes.xtec.cat\/pfi\/wp-content\/uploads\/usu1781\/2021\/11\/IMG_20211116_103524_408-scaled.jpg\"><img loading=\"lazy\" decoding=\"async\" class=\"alignnone size-large wp-image-12833\" src=\"https:\/\/projectes.xtec.cat\/pfi\/wp-content\/uploads\/usu1781\/2021\/11\/IMG_20211116_103524_408-1024x768.jpg\" alt=\"\" width=\"1024\" height=\"768\" srcset=\"https:\/\/projectes.xtec.cat\/pfi\/wp-content\/uploads\/usu1781\/2021\/11\/IMG_20211116_103524_408-1024x768.jpg 1024w, https:\/\/projectes.xtec.cat\/pfi\/wp-content\/uploads\/usu1781\/2021\/11\/IMG_20211116_103524_408-300x225.jpg 300w, https:\/\/projectes.xtec.cat\/pfi\/wp-content\/uploads\/usu1781\/2021\/11\/IMG_20211116_103524_408-768x576.jpg 768w, https:\/\/projectes.xtec.cat\/pfi\/wp-content\/uploads\/usu1781\/2021\/11\/IMG_20211116_103524_408-1536x1152.jpg 1536w, https:\/\/projectes.xtec.cat\/pfi\/wp-content\/uploads\/usu1781\/2021\/11\/IMG_20211116_103524_408-2048x1536.jpg 2048w, https:\/\/projectes.xtec.cat\/pfi\/wp-content\/uploads\/usu1781\/2021\/11\/IMG_20211116_103524_408-200x150.jpg 200w\" sizes=\"auto, (max-width: 1024px) 100vw, 1024px\" \/><\/a><\/td>\n<td style=\"width: 33.3333%;\"><a href=\"https:\/\/projectes.xtec.cat\/pfi\/wp-content\/uploads\/usu1781\/2021\/11\/IMG_20211116_113318_209-scaled.jpg\"><img loading=\"lazy\" decoding=\"async\" class=\"alignnone size-large wp-image-12836\" src=\"https:\/\/projectes.xtec.cat\/pfi\/wp-content\/uploads\/usu1781\/2021\/11\/IMG_20211116_113318_209-1024x768.jpg\" alt=\"\" width=\"1024\" height=\"768\" srcset=\"https:\/\/projectes.xtec.cat\/pfi\/wp-content\/uploads\/usu1781\/2021\/11\/IMG_20211116_113318_209-1024x768.jpg 1024w, https:\/\/projectes.xtec.cat\/pfi\/wp-content\/uploads\/usu1781\/2021\/11\/IMG_20211116_113318_209-300x225.jpg 300w, https:\/\/projectes.xtec.cat\/pfi\/wp-content\/uploads\/usu1781\/2021\/11\/IMG_20211116_113318_209-768x576.jpg 768w, https:\/\/projectes.xtec.cat\/pfi\/wp-content\/uploads\/usu1781\/2021\/11\/IMG_20211116_113318_209-1536x1152.jpg 1536w, https:\/\/projectes.xtec.cat\/pfi\/wp-content\/uploads\/usu1781\/2021\/11\/IMG_20211116_113318_209-2048x1536.jpg 2048w, https:\/\/projectes.xtec.cat\/pfi\/wp-content\/uploads\/usu1781\/2021\/11\/IMG_20211116_113318_209-200x150.jpg 200w\" sizes=\"auto, (max-width: 1024px) 100vw, 1024px\" \/><\/a><\/td>\n<td style=\"width: 33.3333%;\"><a href=\"https:\/\/projectes.xtec.cat\/pfi\/wp-content\/uploads\/usu1781\/2021\/11\/IMG_20211116_115152_369-scaled.jpg\"><img loading=\"lazy\" decoding=\"async\" class=\"alignnone size-large wp-image-12838\" src=\"https:\/\/projectes.xtec.cat\/pfi\/wp-content\/uploads\/usu1781\/2021\/11\/IMG_20211116_115152_369-1024x768.jpg\" alt=\"\" width=\"1024\" height=\"768\" srcset=\"https:\/\/projectes.xtec.cat\/pfi\/wp-content\/uploads\/usu1781\/2021\/11\/IMG_20211116_115152_369-1024x768.jpg 1024w, https:\/\/projectes.xtec.cat\/pfi\/wp-content\/uploads\/usu1781\/2021\/11\/IMG_20211116_115152_369-300x225.jpg 300w, https:\/\/projectes.xtec.cat\/pfi\/wp-content\/uploads\/usu1781\/2021\/11\/IMG_20211116_115152_369-768x576.jpg 768w, https:\/\/projectes.xtec.cat\/pfi\/wp-content\/uploads\/usu1781\/2021\/11\/IMG_20211116_115152_369-1536x1152.jpg 1536w, https:\/\/projectes.xtec.cat\/pfi\/wp-content\/uploads\/usu1781\/2021\/11\/IMG_20211116_115152_369-2048x1536.jpg 2048w, https:\/\/projectes.xtec.cat\/pfi\/wp-content\/uploads\/usu1781\/2021\/11\/IMG_20211116_115152_369-200x150.jpg 200w\" sizes=\"auto, (max-width: 1024px) 100vw, 1024px\" \/><\/a><\/td>\n<\/tr>\n<tr>\n<td style=\"width: 33.3333%;\"><a href=\"https:\/\/projectes.xtec.cat\/pfi\/wp-content\/uploads\/usu1781\/2021\/11\/IMG_20211116_111248_630-scaled.jpg\"><img loading=\"lazy\" decoding=\"async\" class=\"alignnone size-large wp-image-12834\" src=\"https:\/\/projectes.xtec.cat\/pfi\/wp-content\/uploads\/usu1781\/2021\/11\/IMG_20211116_111248_630-768x1024.jpg\" alt=\"\" width=\"768\" height=\"1024\" srcset=\"https:\/\/projectes.xtec.cat\/pfi\/wp-content\/uploads\/usu1781\/2021\/11\/IMG_20211116_111248_630-768x1024.jpg 768w, https:\/\/projectes.xtec.cat\/pfi\/wp-content\/uploads\/usu1781\/2021\/11\/IMG_20211116_111248_630-225x300.jpg 225w, https:\/\/projectes.xtec.cat\/pfi\/wp-content\/uploads\/usu1781\/2021\/11\/IMG_20211116_111248_630-1152x1536.jpg 1152w, https:\/\/projectes.xtec.cat\/pfi\/wp-content\/uploads\/usu1781\/2021\/11\/IMG_20211116_111248_630-1536x2048.jpg 1536w, https:\/\/projectes.xtec.cat\/pfi\/wp-content\/uploads\/usu1781\/2021\/11\/IMG_20211116_111248_630-scaled.jpg 1920w\" sizes=\"auto, (max-width: 768px) 100vw, 768px\" \/><\/a><\/td>\n<td style=\"width: 33.3333%;\"><a href=\"https:\/\/projectes.xtec.cat\/pfi\/wp-content\/uploads\/usu1781\/2021\/11\/IMG_20211116_112522_337-scaled.jpg\"><img loading=\"lazy\" decoding=\"async\" class=\"alignnone size-large wp-image-12835\" src=\"https:\/\/projectes.xtec.cat\/pfi\/wp-content\/uploads\/usu1781\/2021\/11\/IMG_20211116_112522_337-768x1024.jpg\" alt=\"\" width=\"768\" height=\"1024\" srcset=\"https:\/\/projectes.xtec.cat\/pfi\/wp-content\/uploads\/usu1781\/2021\/11\/IMG_20211116_112522_337-768x1024.jpg 768w, https:\/\/projectes.xtec.cat\/pfi\/wp-content\/uploads\/usu1781\/2021\/11\/IMG_20211116_112522_337-225x300.jpg 225w, https:\/\/projectes.xtec.cat\/pfi\/wp-content\/uploads\/usu1781\/2021\/11\/IMG_20211116_112522_337-1152x1536.jpg 1152w, https:\/\/projectes.xtec.cat\/pfi\/wp-content\/uploads\/usu1781\/2021\/11\/IMG_20211116_112522_337-1536x2048.jpg 1536w, https:\/\/projectes.xtec.cat\/pfi\/wp-content\/uploads\/usu1781\/2021\/11\/IMG_20211116_112522_337-scaled.jpg 1920w\" sizes=\"auto, (max-width: 768px) 100vw, 768px\" \/><\/a><\/td>\n<td style=\"width: 33.3333%;\"><a href=\"https:\/\/projectes.xtec.cat\/pfi\/wp-content\/uploads\/usu1781\/2021\/11\/IMG_20211116_114944_517-scaled.jpg\"><img loading=\"lazy\" decoding=\"async\" class=\"alignnone size-large wp-image-12837\" src=\"https:\/\/projectes.xtec.cat\/pfi\/wp-content\/uploads\/usu1781\/2021\/11\/IMG_20211116_114944_517-768x1024.jpg\" alt=\"\" width=\"768\" height=\"1024\" srcset=\"https:\/\/projectes.xtec.cat\/pfi\/wp-content\/uploads\/usu1781\/2021\/11\/IMG_20211116_114944_517-768x1024.jpg 768w, https:\/\/projectes.xtec.cat\/pfi\/wp-content\/uploads\/usu1781\/2021\/11\/IMG_20211116_114944_517-225x300.jpg 225w, https:\/\/projectes.xtec.cat\/pfi\/wp-content\/uploads\/usu1781\/2021\/11\/IMG_20211116_114944_517-1152x1536.jpg 1152w, https:\/\/projectes.xtec.cat\/pfi\/wp-content\/uploads\/usu1781\/2021\/11\/IMG_20211116_114944_517-1536x2048.jpg 1536w, https:\/\/projectes.xtec.cat\/pfi\/wp-content\/uploads\/usu1781\/2021\/11\/IMG_20211116_114944_517-scaled.jpg 1920w\" sizes=\"auto, (max-width: 768px) 100vw, 768px\" \/><\/a><\/td>\n<\/tr>\n<\/tbody>\n<\/table>\n<p>#pfiCAT #impulsFP #SomFP<\/p>\n","protected":false},"excerpt":{"rendered":"<p>El dia 16 de novembre els alumnes del PFI PTT de Puig-Reig vam poder visitar Cal Vidal, una col\u00f2nia t\u00e8xtil del Llobregat que ha mantingut gran part intacta des del seu tancament i que l&#8217;ha convertit en un museu interactiu.<br \/>\nGr\u00e0cies a les explicacions de la&hellip;  <a href=\"https:\/\/projectes.xtec.cat\/pfi\/general\/el-ptt-de-puig-reig-visita-la-colonia-vidal\/\" title=\"Read El PFI PTT de Puig-Reig visita la col\u00f2nia Vidal\">Llegeix m\u00e9s\u00bb<\/a><\/p>\n","protected":false},"author":99,"featured_media":12837,"comment_status":"open","ping_status":"closed","sticky":false,"template":"","format":"standard","meta":{"_bbp_topic_count":0,"_bbp_reply_count":0,"_bbp_total_topic_count":0,"_bbp_total_reply_count":0,"_bbp_voice_count":0,"_bbp_anonymous_reply_count":0,"_bbp_topic_count_hidden":0,"_bbp_reply_count_hidden":0,"_bbp_forum_subforum_count":0,"footnotes":""},"categories":[1,29],"tags":[460,482],"class_list":["post-12756","post","type-post","status-publish","format-standard","has-post-thumbnail","hentry","category-general","category-portada","tag-alumnespfi","tag-sortides-pedagogiques"],"post_mailing_queue_ids":[],"_links":{"self":[{"href":"https:\/\/projectes.xtec.cat\/pfi\/wp-json\/wp\/v2\/posts\/12756","targetHints":{"allow":["GET"]}}],"collection":[{"href":"https:\/\/projectes.xtec.cat\/pfi\/wp-json\/wp\/v2\/posts"}],"about":[{"href":"https:\/\/projectes.xtec.cat\/pfi\/wp-json\/wp\/v2\/types\/post"}],"author":[{"embeddable":true,"href":"https:\/\/projectes.xtec.cat\/pfi\/wp-json\/wp\/v2\/users\/99"}],"replies":[{"embeddable":true,"href":"https:\/\/projectes.xtec.cat\/pfi\/wp-json\/wp\/v2\/comments?post=12756"}],"version-history":[{"count":3,"href":"https:\/\/projectes.xtec.cat\/pfi\/wp-json\/wp\/v2\/posts\/12756\/revisions"}],"predecessor-version":[{"id":12849,"href":"https:\/\/projectes.xtec.cat\/pfi\/wp-json\/wp\/v2\/posts\/12756\/revisions\/12849"}],"wp:featuredmedia":[{"embeddable":true,"href":"https:\/\/projectes.xtec.cat\/pfi\/wp-json\/wp\/v2\/media\/12837"}],"wp:attachment":[{"href":"https:\/\/projectes.xtec.cat\/pfi\/wp-json\/wp\/v2\/media?parent=12756"}],"wp:term":[{"taxonomy":"category","embeddable":true,"href":"https:\/\/projectes.xtec.cat\/pfi\/wp-json\/wp\/v2\/categories?post=12756"},{"taxonomy":"post_tag","embeddable":true,"href":"https:\/\/projectes.xtec.cat\/pfi\/wp-json\/wp\/v2\/tags?post=12756"}],"curies":[{"name":"wp","href":"https:\/\/api.w.org\/{rel}","templated":true}]}}