{"id":12784,"date":"2021-11-24T09:00:24","date_gmt":"2021-11-24T08:00:24","guid":{"rendered":"https:\/\/projectes.xtec.cat\/pfi\/?p=12784"},"modified":"2021-11-23T11:45:57","modified_gmt":"2021-11-23T10:45:57","slug":"el-pfi-montbui-realitza-diverses-activitats-per-promoure-el-feminisme","status":"publish","type":"post","link":"https:\/\/projectes.xtec.cat\/pfi\/general\/el-pfi-montbui-realitza-diverses-activitats-per-promoure-el-feminisme\/","title":{"rendered":"El PFI Montbui realitza diverses activitats per promoure el feminisme"},"content":{"rendered":"<p>L\u2019alumnat del Programa de Formaci\u00f3 i Inserci\u00f3 (PFI) d\u2019Auxiliar d\u2019activitats d\u2019oficina i en serveis administratius generals de l\u2019Institut Montbui ha participat durant el mes de novembre en diverses activitats relacionades amb la promoci\u00f3 del feminisme. S\u2019han programat tutories espec\u00edfiques i debats, diverses projeccions, s\u2019ha participat en la lectura d\u2019un manifest, i l\u2019alumnat ha assistit a l\u2019obra de teatre \u201cEstranyes relacions\u201d, el dia 19 de novembre.<\/p>\n<p>Aquestes activitats s\u2019han realitzat en el context de dos fets rellevants: la recent agressi\u00f3 sexual a una noia a Igualada, l\u20191 de novembre, i la commemoraci\u00f3 del Dia internacional per a l\u2019eliminaci\u00f3 de la viol\u00e8ncia contra les dones, el 25 de novembre.<\/p>\n<p>La promoci\u00f3 del feminisme i la condemna a actituds masclistes i de viol\u00e8ncia cap a la dona va iniciar-se amb la participaci\u00f3 d\u2019un representant de l\u2019alumnat del PFI en la lectura d\u2019un manifest de rebuig i condemna a l\u2019agressi\u00f3 sexual d\u2019Igualada la nit de la Castanyada. Aquella setmana, les professores del PFI van abordar el tema a l\u2019aula en diverses ocasions per conscienciar l\u2019alumnat sobre la necessitat de lluitar contra la xacra del masclisme. En aquest sentit, es va projectar un cap\u00edtol concret de la s\u00e8rie de televisi\u00f3 \u201cHit\u201d, que aborda precisament el tema del sexe i el relaciona amb l\u2019afectivitat, la pornografia i els seus falsos mites.<\/p>\n<p>Una altra de les accions en favor del feminisme que s\u2019han dut a terme \u00e9s l\u2019assist\u00e8ncia a la representaci\u00f3 de l\u2019obra interactiva \u201cEstranyes relacions\u201d, a c\u00e0rrec de la companyia Frec a Frec. Anava adre\u00e7ada tant a l\u2019alumnat de PFI com a l\u2019alumnat de batxillerat. Durant l\u2019obra, els actors i actrius representaven diverses escenes sobre una relaci\u00f3 de parella i el p\u00fablic comentava cada situaci\u00f3, argumentant si hi veia alguna situaci\u00f3 d\u2019ab\u00fas, falta de respecte o masclisme. L\u2019alumnat del PFI ha valorat molt positivament el format i les conclusions que han pogut extreure d\u2019aquesta representaci\u00f3.<\/p>\n<p><a href=\"https:\/\/projectes.xtec.cat\/pfi\/wp-content\/uploads\/usu1781\/2021\/11\/foto-NP-feminisme_191121.jpeg\"><img loading=\"lazy\" decoding=\"async\" class=\"alignnone size-full wp-image-12785\" src=\"https:\/\/projectes.xtec.cat\/pfi\/wp-content\/uploads\/usu1781\/2021\/11\/foto-NP-feminisme_191121.jpeg\" alt=\"\" width=\"1024\" height=\"768\" srcset=\"https:\/\/projectes.xtec.cat\/pfi\/wp-content\/uploads\/usu1781\/2021\/11\/foto-NP-feminisme_191121.jpeg 1024w, https:\/\/projectes.xtec.cat\/pfi\/wp-content\/uploads\/usu1781\/2021\/11\/foto-NP-feminisme_191121-300x225.jpeg 300w, https:\/\/projectes.xtec.cat\/pfi\/wp-content\/uploads\/usu1781\/2021\/11\/foto-NP-feminisme_191121-768x576.jpeg 768w, https:\/\/projectes.xtec.cat\/pfi\/wp-content\/uploads\/usu1781\/2021\/11\/foto-NP-feminisme_191121-200x150.jpeg 200w\" sizes=\"auto, (max-width: 1024px) 100vw, 1024px\" \/><\/a><\/p>\n<p>#pfiCAT #impulsFP #SomFP<\/p>\n","protected":false},"excerpt":{"rendered":"<p>L\u2019alumnat del Programa de Formaci\u00f3 i Inserci\u00f3 (PFI) d\u2019Auxiliar d\u2019activitats d\u2019oficina i en serveis administratius generals de l\u2019Institut Montbui ha participat durant el mes de novembre en diverses activitats relacionades amb la promoci\u00f3 del feminisme. S\u2019han programat tutories espec\u00edfiques i debats, diverses projeccions, s\u2019ha participat&hellip;  <a href=\"https:\/\/projectes.xtec.cat\/pfi\/general\/el-pfi-montbui-realitza-diverses-activitats-per-promoure-el-feminisme\/\" title=\"Read El PFI Montbui realitza diverses activitats per promoure el feminisme\">Llegeix m\u00e9s\u00bb<\/a><\/p>\n","protected":false},"author":190,"featured_media":0,"comment_status":"open","ping_status":"closed","sticky":false,"template":"","format":"standard","meta":{"_bbp_topic_count":0,"_bbp_reply_count":0,"_bbp_total_topic_count":0,"_bbp_total_reply_count":0,"_bbp_voice_count":0,"_bbp_anonymous_reply_count":0,"_bbp_topic_count_hidden":0,"_bbp_reply_count_hidden":0,"_bbp_forum_subforum_count":0,"footnotes":""},"categories":[1,29],"tags":[471,472,334,470],"class_list":["post-12784","post","type-post","status-publish","format-standard","hentry","category-general","category-portada","tag-feminisme","tag-igualtat-de-genere","tag-pfi","tag-tutoria"],"post_mailing_queue_ids":[],"_links":{"self":[{"href":"https:\/\/projectes.xtec.cat\/pfi\/wp-json\/wp\/v2\/posts\/12784","targetHints":{"allow":["GET"]}}],"collection":[{"href":"https:\/\/projectes.xtec.cat\/pfi\/wp-json\/wp\/v2\/posts"}],"about":[{"href":"https:\/\/projectes.xtec.cat\/pfi\/wp-json\/wp\/v2\/types\/post"}],"author":[{"embeddable":true,"href":"https:\/\/projectes.xtec.cat\/pfi\/wp-json\/wp\/v2\/users\/190"}],"replies":[{"embeddable":true,"href":"https:\/\/projectes.xtec.cat\/pfi\/wp-json\/wp\/v2\/comments?post=12784"}],"version-history":[{"count":3,"href":"https:\/\/projectes.xtec.cat\/pfi\/wp-json\/wp\/v2\/posts\/12784\/revisions"}],"predecessor-version":[{"id":12803,"href":"https:\/\/projectes.xtec.cat\/pfi\/wp-json\/wp\/v2\/posts\/12784\/revisions\/12803"}],"wp:attachment":[{"href":"https:\/\/projectes.xtec.cat\/pfi\/wp-json\/wp\/v2\/media?parent=12784"}],"wp:term":[{"taxonomy":"category","embeddable":true,"href":"https:\/\/projectes.xtec.cat\/pfi\/wp-json\/wp\/v2\/categories?post=12784"},{"taxonomy":"post_tag","embeddable":true,"href":"https:\/\/projectes.xtec.cat\/pfi\/wp-json\/wp\/v2\/tags?post=12784"}],"curies":[{"name":"wp","href":"https:\/\/api.w.org\/{rel}","templated":true}]}}