{"id":12841,"date":"2021-12-01T09:11:34","date_gmt":"2021-12-01T08:11:34","guid":{"rendered":"https:\/\/projectes.xtec.cat\/pfi\/?p=12841"},"modified":"2021-11-29T10:00:04","modified_gmt":"2021-11-29T09:00:04","slug":"igualtat-i-familia-professional-dedificacio-i-obra-civil","status":"publish","type":"post","link":"https:\/\/projectes.xtec.cat\/pfi\/general\/igualtat-i-familia-professional-dedificacio-i-obra-civil\/","title":{"rendered":"Igualtat i fam\u00edlia professional d&#8217;Edificaci\u00f3 i Obra Civil."},"content":{"rendered":"<p>La Direcci\u00f3 General de Formaci\u00f3 Professional del Departament d\u2019Educaci\u00f3 de la Generalitat de Catalunya i la Fundaci\u00f3 Laboral de la Construcci\u00f3 de Catalunya, van signar, el passat 17 de novembre de 2021, a la seu i centre de formaci\u00f3 de l\u2019entitat parit\u00e0ria a Badalona, un nou conveni de col\u00b7laboraci\u00f3 amb l\u2019objectiu d\u2019impulsar i promoure la qualificaci\u00f3 professional dels alumnes dels cicles de formaci\u00f3 professional de la fam\u00edlia professional d&#8217;Edificaci\u00f3 i Obra Civil.<\/p>\n<p>A part de la signatura del conveni, es va dur a terme una visita les instal\u00b7lacions i es va discutir amb detall noves iniciatives que es poden dur a terme conjuntament, com per exemples impulsar la participaci\u00f3 en aquests oficis de m\u00e9s dones. La confederaci\u00f3, empresa molt sensibilitzada en la igualtat de g\u00e8nere, estrenava aquell dia un cartell per reivindicar i mostrar la seva postura envers aquest tema, que va ser estrenat pel Director General d\u2019FP, que amb la seva signatura tamb\u00e9 va mostrar el comprom\u00eds que la \u00a0Direcci\u00f3 General de Formaci\u00f3 Professional del Departament d\u2019Educaci\u00f3 de la Generalitat de Catalunya envers aquest tema.<\/p>\n<p>#pfiCAT #impulsFP #SomFP #igualtat<\/p>\n<p>&nbsp;<\/p>\n<p>&nbsp;<\/p>\n","protected":false},"excerpt":{"rendered":"<p>La Direcci\u00f3 General de Formaci\u00f3 Professional del Departament d\u2019Educaci\u00f3 de la Generalitat de Catalunya i la Fundaci\u00f3 Laboral de la Construcci\u00f3 de Catalunya, van signar, el passat 17 de novembre de 2021, a la seu i centre de formaci\u00f3 de l\u2019entitat parit\u00e0ria a Badalona, un&hellip;  <a href=\"https:\/\/projectes.xtec.cat\/pfi\/general\/igualtat-i-familia-professional-dedificacio-i-obra-civil\/\" title=\"Read Igualtat i fam\u00edlia professional d&#8217;Edificaci\u00f3 i Obra Civil.\">Llegeix m\u00e9s\u00bb<\/a><\/p>\n","protected":false},"author":1,"featured_media":12842,"comment_status":"open","ping_status":"closed","sticky":false,"template":"","format":"standard","meta":{"_bbp_topic_count":0,"_bbp_reply_count":0,"_bbp_total_topic_count":0,"_bbp_total_reply_count":0,"_bbp_voice_count":0,"_bbp_anonymous_reply_count":0,"_bbp_topic_count_hidden":0,"_bbp_reply_count_hidden":0,"_bbp_forum_subforum_count":0,"footnotes":""},"categories":[380,1,29],"tags":[],"class_list":["post-12841","post","type-post","status-publish","format-standard","has-post-thumbnail","hentry","category-coed-i-igualtat","category-general","category-portada"],"post_mailing_queue_ids":[],"_links":{"self":[{"href":"https:\/\/projectes.xtec.cat\/pfi\/wp-json\/wp\/v2\/posts\/12841","targetHints":{"allow":["GET"]}}],"collection":[{"href":"https:\/\/projectes.xtec.cat\/pfi\/wp-json\/wp\/v2\/posts"}],"about":[{"href":"https:\/\/projectes.xtec.cat\/pfi\/wp-json\/wp\/v2\/types\/post"}],"author":[{"embeddable":true,"href":"https:\/\/projectes.xtec.cat\/pfi\/wp-json\/wp\/v2\/users\/1"}],"replies":[{"embeddable":true,"href":"https:\/\/projectes.xtec.cat\/pfi\/wp-json\/wp\/v2\/comments?post=12841"}],"version-history":[{"count":2,"href":"https:\/\/projectes.xtec.cat\/pfi\/wp-json\/wp\/v2\/posts\/12841\/revisions"}],"predecessor-version":[{"id":12844,"href":"https:\/\/projectes.xtec.cat\/pfi\/wp-json\/wp\/v2\/posts\/12841\/revisions\/12844"}],"wp:featuredmedia":[{"embeddable":true,"href":"https:\/\/projectes.xtec.cat\/pfi\/wp-json\/wp\/v2\/media\/12842"}],"wp:attachment":[{"href":"https:\/\/projectes.xtec.cat\/pfi\/wp-json\/wp\/v2\/media?parent=12841"}],"wp:term":[{"taxonomy":"category","embeddable":true,"href":"https:\/\/projectes.xtec.cat\/pfi\/wp-json\/wp\/v2\/categories?post=12841"},{"taxonomy":"post_tag","embeddable":true,"href":"https:\/\/projectes.xtec.cat\/pfi\/wp-json\/wp\/v2\/tags?post=12841"}],"curies":[{"name":"wp","href":"https:\/\/api.w.org\/{rel}","templated":true}]}}