{"id":12880,"date":"2021-12-02T10:20:14","date_gmt":"2021-12-02T09:20:14","guid":{"rendered":"https:\/\/projectes.xtec.cat\/pfi\/?p=12880"},"modified":"2021-12-02T11:09:20","modified_gmt":"2021-12-02T10:09:20","slug":"els-alumnes-del-pfi-de-lins-pere-martell-reben-la-visita-del-conseller-deducacio","status":"publish","type":"post","link":"https:\/\/projectes.xtec.cat\/pfi\/general\/els-alumnes-del-pfi-de-lins-pere-martell-reben-la-visita-del-conseller-deducacio\/","title":{"rendered":"Els alumnes del PFI de l&#8217;Institut Pere Martell reben la visita del Conseller d&#8217;Educaci\u00f3"},"content":{"rendered":"<p style=\"text-align: left;\">El passat 26 de novembre els consellers d&#8217;Educaci\u00f3 i d&#8217;Empresa i Treball, Josep Gonz\u00e0lez-Cambray i Roger Torrent, van visitar l&#8217;<a href=\"https:\/\/institutperemartell.cat\/\">Institut Pere Martell<\/a>, en motiu de la presentaci\u00f3 de la nova campanya, feta a Tarragona, per fomentar l&#8217;acreditaci\u00f3 de compet\u00e8ncies professionals.\u00a0 L&#8217;acreditaci\u00f3 de compet\u00e8ncies professionals (que serveix perqu\u00e8 professionals en situaci\u00f3 d&#8217;atur o sense titulaci\u00f3 puguin acreditar la seva experi\u00e8ncia laboral en compet\u00e8ncies de la Formaci\u00f3 Professional), i els Programes de Formaci\u00f3 Professional s\u00f3n accions i programes inclosos en la<a href=\"https:\/\/triaeducativa.gencat.cat\/ca\/fp\/\"> Formaci\u00f3 Professional<\/a>.<\/p>\n<p>En el seu pas pel centre educatiu, el Conseller Josep Gon\u00e0lez-Cambray va visitar les instal\u00b7lacions del centres i els diferents ensenyaments, incloent la parada al taller de l&#8217;especialitat del PFI-FIAP d&#8217;Auxiliar de fusteria i instal\u00b7laci\u00f3 de mobles, on va poder conversar amb l&#8217;alumnat dels programes i compartir una estona de la seva feina a l&#8217;aula.<\/p>\n<p>Molt bona feina per part dels alumnes i docents dels programes!<\/p>\n<p>#pfiCAT #impulsFP #SomFP<\/p>\n<p><a href=\"https:\/\/projectes.xtec.cat\/pfi\/wp-content\/uploads\/usu1781\/2021\/12\/4d1f7849-4a9f-4e18-bfc3-72ec2f7f85ad.jpg\"><img loading=\"lazy\" decoding=\"async\" class=\"aligncenter size-full wp-image-12881\" src=\"https:\/\/projectes.xtec.cat\/pfi\/wp-content\/uploads\/usu1781\/2021\/12\/4d1f7849-4a9f-4e18-bfc3-72ec2f7f85ad.jpg\" alt=\"\" width=\"802\" height=\"940\" srcset=\"https:\/\/projectes.xtec.cat\/pfi\/wp-content\/uploads\/usu1781\/2021\/12\/4d1f7849-4a9f-4e18-bfc3-72ec2f7f85ad.jpg 802w, https:\/\/projectes.xtec.cat\/pfi\/wp-content\/uploads\/usu1781\/2021\/12\/4d1f7849-4a9f-4e18-bfc3-72ec2f7f85ad-256x300.jpg 256w, https:\/\/projectes.xtec.cat\/pfi\/wp-content\/uploads\/usu1781\/2021\/12\/4d1f7849-4a9f-4e18-bfc3-72ec2f7f85ad-768x900.jpg 768w\" sizes=\"auto, (max-width: 802px) 100vw, 802px\" \/><\/a><\/p>\n<p>&nbsp;<\/p>\n","protected":false},"excerpt":{"rendered":"<p>El passat 26 de novembre els consellers d&#8217;Educaci\u00f3 i d&#8217;Empresa i Treball, Josep Gonz\u00e0lez-Cambray i Roger Torrent, van visitar l&#8217;<a href=\"https:\/\/institutperemartell.cat\/\">Institut Pere Martell<\/a>, en motiu de la presentaci\u00f3 de la nova campanya, feta a Tarragona, per fomentar l&#8217;acreditaci\u00f3 de compet\u00e8ncies professionals.\u00a0 L&#8217;acreditaci\u00f3 de compet\u00e8ncies professionals&hellip;  <a href=\"https:\/\/projectes.xtec.cat\/pfi\/general\/els-alumnes-del-pfi-de-lins-pere-martell-reben-la-visita-del-conseller-deducacio\/\" title=\"Read Els alumnes del PFI de l&#8217;Institut Pere Martell reben la visita del Conseller d&#8217;Educaci\u00f3\">Llegeix m\u00e9s\u00bb<\/a><\/p>\n","protected":false},"author":1,"featured_media":12881,"comment_status":"open","ping_status":"closed","sticky":false,"template":"","format":"standard","meta":{"_bbp_topic_count":0,"_bbp_reply_count":0,"_bbp_total_topic_count":0,"_bbp_total_reply_count":0,"_bbp_voice_count":0,"_bbp_anonymous_reply_count":0,"_bbp_topic_count_hidden":0,"_bbp_reply_count_hidden":0,"_bbp_forum_subforum_count":0,"footnotes":""},"categories":[1,29],"tags":[460,486,356,485],"class_list":["post-12880","post","type-post","status-publish","format-standard","has-post-thumbnail","hentry","category-general","category-portada","tag-alumnespfi","tag-conseller","tag-fp","tag-fusta"],"post_mailing_queue_ids":[],"_links":{"self":[{"href":"https:\/\/projectes.xtec.cat\/pfi\/wp-json\/wp\/v2\/posts\/12880","targetHints":{"allow":["GET"]}}],"collection":[{"href":"https:\/\/projectes.xtec.cat\/pfi\/wp-json\/wp\/v2\/posts"}],"about":[{"href":"https:\/\/projectes.xtec.cat\/pfi\/wp-json\/wp\/v2\/types\/post"}],"author":[{"embeddable":true,"href":"https:\/\/projectes.xtec.cat\/pfi\/wp-json\/wp\/v2\/users\/1"}],"replies":[{"embeddable":true,"href":"https:\/\/projectes.xtec.cat\/pfi\/wp-json\/wp\/v2\/comments?post=12880"}],"version-history":[{"count":3,"href":"https:\/\/projectes.xtec.cat\/pfi\/wp-json\/wp\/v2\/posts\/12880\/revisions"}],"predecessor-version":[{"id":12885,"href":"https:\/\/projectes.xtec.cat\/pfi\/wp-json\/wp\/v2\/posts\/12880\/revisions\/12885"}],"wp:featuredmedia":[{"embeddable":true,"href":"https:\/\/projectes.xtec.cat\/pfi\/wp-json\/wp\/v2\/media\/12881"}],"wp:attachment":[{"href":"https:\/\/projectes.xtec.cat\/pfi\/wp-json\/wp\/v2\/media?parent=12880"}],"wp:term":[{"taxonomy":"category","embeddable":true,"href":"https:\/\/projectes.xtec.cat\/pfi\/wp-json\/wp\/v2\/categories?post=12880"},{"taxonomy":"post_tag","embeddable":true,"href":"https:\/\/projectes.xtec.cat\/pfi\/wp-json\/wp\/v2\/tags?post=12880"}],"curies":[{"name":"wp","href":"https:\/\/api.w.org\/{rel}","templated":true}]}}