{"id":12887,"date":"2021-12-03T10:08:56","date_gmt":"2021-12-03T09:08:56","guid":{"rendered":"https:\/\/projectes.xtec.cat\/pfi\/?p=12887"},"modified":"2021-12-07T10:10:11","modified_gmt":"2021-12-07T09:10:11","slug":"avis-instagramers-a-martorell","status":"publish","type":"post","link":"https:\/\/projectes.xtec.cat\/pfi\/general\/avis-instagramers-a-martorell\/","title":{"rendered":"Avis Instagramers a Martorell"},"content":{"rendered":"<p style=\"font-family: 'Helvetica Neue', Helvetica, Helvetica, Arial, sans-serif; font-size: 16px;\"><img loading=\"lazy\" decoding=\"async\" class=\" wp-image-12905 alignleft\" src=\"https:\/\/projectes.xtec.cat\/pfi\/wp-content\/uploads\/usu1781\/2021\/12\/1.png\" alt=\"\" width=\"213\" height=\"426\" srcset=\"https:\/\/projectes.xtec.cat\/pfi\/wp-content\/uploads\/usu1781\/2021\/12\/1.png 300w, https:\/\/projectes.xtec.cat\/pfi\/wp-content\/uploads\/usu1781\/2021\/12\/1-150x300.png 150w\" sizes=\"auto, (max-width: 213px) 100vw, 213px\" \/><\/p>\n<p>Els alumnes del Programa de Formaci\u00f3 i Inserci\u00f3 (PFI) Auxiliar de Fabricaci\u00f3 Mec\u00e0nica i instal\u00b7lacions electrot\u00e8cniques de Martorell han engegat l\u2019iniciativa \u2018Avis instagramers\u2019, amb la gent gran del poble.<\/p>\n<p>L\u2019activitat con<span style=\"font-family: inherit; font-size: 1em;\">sisteix en oferir suport i assessorament personal a les persones grans que vulguin con\u00e8ixer el funcionament de l\u2019<\/span><em style=\"font-family: inherit; font-size: 1em;\">app<\/em><span style=\"font-family: inherit; font-size: 1em;\">\u00a0d\u2019Instagram, una de les que m\u00e9s fan servir els joves, Al mateix temps comparteixen experi\u00e8ncies de vida.<\/span><\/p>\n<p style=\"font-family: 'Helvetica Neue', Helvetica, Helvetica, Arial, sans-serif; font-size: 16px;\">Llegiu l&#8217;interessant article que fa martorelldigital.cat sobre l&#8217;activitat pedag\u00f2gica dels alumnes del PFI de Martorell!<\/p>\n<p style=\"font-family: 'Helvetica Neue', Helvetica, Helvetica, Arial, sans-serif; font-size: 16px;\"><a href=\"https:\/\/martorelldigital.cat\/la-gent-gran-sendinsa-en-el-mon-instagramer-de-la-ma-dalumnes-del-pfi-martorell\/\">Enlla\u00e7 a l&#8217;article<br \/>\n<\/a><\/p>\n<p>&nbsp;<\/p>\n<p>#pfiCAT #impulsFP #SomFP<\/p>\n","protected":false},"excerpt":{"rendered":"<p>Els alumnes del Programa de Formaci\u00f3 i Inserci\u00f3 (PFI) Auxiliar de Fabricaci\u00f3 Mec\u00e0nica i instal\u00b7lacions electrot\u00e8cniques de Martorell han engegat l\u2019iniciativa \u2018Avis instagramers\u2019, amb la gent gran del poble.<br \/>\nL\u2019activitat consisteix en oferir suport i assessorament personal a les persones grans que vulguin con\u00e8ixer el funcionament&hellip;  <a href=\"https:\/\/projectes.xtec.cat\/pfi\/general\/avis-instagramers-a-martorell\/\" title=\"Read Avis Instagramers a Martorell\">Llegeix m\u00e9s\u00bb<\/a><\/p>\n","protected":false},"author":193,"featured_media":12903,"comment_status":"open","ping_status":"closed","sticky":false,"template":"","format":"standard","meta":{"_bbp_topic_count":0,"_bbp_reply_count":0,"_bbp_total_topic_count":0,"_bbp_total_reply_count":0,"_bbp_voice_count":0,"_bbp_anonymous_reply_count":0,"_bbp_topic_count_hidden":0,"_bbp_reply_count_hidden":0,"_bbp_forum_subforum_count":0,"footnotes":""},"categories":[1,29],"tags":[489,430,487,490,476,491,488],"class_list":["post-12887","post","type-post","status-publish","format-standard","has-post-thumbnail","hentry","category-general","category-portada","tag-aprendre","tag-aprenentatge-i-servei","tag-avis","tag-ciutat","tag-comunitat","tag-martorell","tag-xarxes-socials"],"post_mailing_queue_ids":[],"_links":{"self":[{"href":"https:\/\/projectes.xtec.cat\/pfi\/wp-json\/wp\/v2\/posts\/12887","targetHints":{"allow":["GET"]}}],"collection":[{"href":"https:\/\/projectes.xtec.cat\/pfi\/wp-json\/wp\/v2\/posts"}],"about":[{"href":"https:\/\/projectes.xtec.cat\/pfi\/wp-json\/wp\/v2\/types\/post"}],"author":[{"embeddable":true,"href":"https:\/\/projectes.xtec.cat\/pfi\/wp-json\/wp\/v2\/users\/193"}],"replies":[{"embeddable":true,"href":"https:\/\/projectes.xtec.cat\/pfi\/wp-json\/wp\/v2\/comments?post=12887"}],"version-history":[{"count":4,"href":"https:\/\/projectes.xtec.cat\/pfi\/wp-json\/wp\/v2\/posts\/12887\/revisions"}],"predecessor-version":[{"id":12908,"href":"https:\/\/projectes.xtec.cat\/pfi\/wp-json\/wp\/v2\/posts\/12887\/revisions\/12908"}],"wp:featuredmedia":[{"embeddable":true,"href":"https:\/\/projectes.xtec.cat\/pfi\/wp-json\/wp\/v2\/media\/12903"}],"wp:attachment":[{"href":"https:\/\/projectes.xtec.cat\/pfi\/wp-json\/wp\/v2\/media?parent=12887"}],"wp:term":[{"taxonomy":"category","embeddable":true,"href":"https:\/\/projectes.xtec.cat\/pfi\/wp-json\/wp\/v2\/categories?post=12887"},{"taxonomy":"post_tag","embeddable":true,"href":"https:\/\/projectes.xtec.cat\/pfi\/wp-json\/wp\/v2\/tags?post=12887"}],"curies":[{"name":"wp","href":"https:\/\/api.w.org\/{rel}","templated":true}]}}