{"id":12916,"date":"2021-12-14T11:15:31","date_gmt":"2021-12-14T10:15:31","guid":{"rendered":"https:\/\/projectes.xtec.cat\/pfi\/?p=12916"},"modified":"2022-09-22T11:29:46","modified_gmt":"2022-09-22T09:29:46","slug":"connectat-a-lempresa","status":"publish","type":"post","link":"https:\/\/projectes.xtec.cat\/pfi\/general\/connectat-a-lempresa\/","title":{"rendered":"Connecta&#8217;t a l&#8217;empresa: PRL"},"content":{"rendered":"<p>M\u00e9s de 85 alumnes de 8 perfils professionals es van connectar el passat dilluns 13 de desembre a la segona connexi\u00f3 en directe dintre de les activitats del banc de recursos <a href=\"https:\/\/sites.google.com\/xtec.cat\/connectatalempresa\/connectat-a-lempresa\/connexions-en-directe?authuser=0\" target=\"_blank\" rel=\"noopener\" data-saferedirecturl=\"https:\/\/www.google.com\/url?q=https:\/\/sites.google.com\/xtec.cat\/connectatalempresa\/connectat-a-lempresa\/connexions-en-directe?authuser%3D0&amp;source=gmail&amp;ust=1639468751329000&amp;usg=AOvVaw1Czrkqvu8FuLGqrdTar_va\">Connecta\u2019t\u00a0a l\u2019empresa<\/a>.<\/p>\n<p>La Yolanda de las Heras, t\u00e8cnica de prevenci\u00f3 i professora de FOL de l&#8217;INS Esteve Terrades i Illa va tractar durant una hora el tema de la<strong> la Prevenci\u00f3 de riscos laborals.\u00a0 <\/strong>La sessi\u00f3 va ser molt participativa i amena!<\/p>\n<p><strong>Les connexi\u00f3 en directe amb l\u2019empresa s\u00f3n d\u2019una hora de duraci\u00f3 i les trobareu enregistrades<\/strong> al sites <a href=\"https:\/\/sites.google.com\/xtec.cat\/connectatalempresa\/connectat-a-lempresa\/connexions-en-directe?authuser=0\" target=\"_blank\" rel=\"noopener\" data-saferedirecturl=\"https:\/\/www.google.com\/url?q=https:\/\/sites.google.com\/xtec.cat\/connectatalempresa\/connectat-a-lempresa\/connexions-en-directe?authuser%3D0&amp;source=gmail&amp;ust=1639468751329000&amp;usg=AOvVaw1Czrkqvu8FuLGqrdTar_va\">Connecta\u2019t\u00a0a l\u2019empresa.<\/a><\/p>\n<p>#pfiCAT #impulsFP #SomFP<\/p>\n","protected":false},"excerpt":{"rendered":"<p>M\u00e9s de 85 alumnes de 8 perfils professionals es van connectar el passat dilluns 13 de desembre a la segona connexi\u00f3 en directe dintre de les activitats del banc de recursos <a href=\"https:\/\/sites.google.com\/xtec.cat\/connectatalempresa\/connectat-a-lempresa\/connexions-en-directe?authuser=0\" target=\"_blank\" rel=\"noopener\" data-saferedirecturl=\"https:\/\/www.google.com\/url?q=https:\/\/sites.google.com\/xtec.cat\/connectatalempresa\/connectat-a-lempresa\/connexions-en-directe?authuser%3D0&amp;source=gmail&amp;ust=1639468751329000&amp;usg=AOvVaw1Czrkqvu8FuLGqrdTar_va\">Connecta\u2019t\u00a0a l\u2019empresa<\/a>.<br \/>\nLa Yolanda de las Heras, t\u00e8cnica de prevenci\u00f3 i&hellip;  <a href=\"https:\/\/projectes.xtec.cat\/pfi\/general\/connectat-a-lempresa\/\" title=\"Read Connecta&#8217;t a l&#8217;empresa: PRL\">Llegeix m\u00e9s\u00bb<\/a><\/p>\n","protected":false},"author":1,"featured_media":12918,"comment_status":"open","ping_status":"closed","sticky":false,"template":"","format":"standard","meta":{"_bbp_topic_count":0,"_bbp_reply_count":0,"_bbp_total_topic_count":0,"_bbp_total_reply_count":0,"_bbp_voice_count":0,"_bbp_anonymous_reply_count":0,"_bbp_topic_count_hidden":0,"_bbp_reply_count_hidden":0,"_bbp_forum_subforum_count":0,"footnotes":""},"categories":[565,1,29],"tags":[],"class_list":["post-12916","post","type-post","status-publish","format-standard","has-post-thumbnail","hentry","category-connectat-a-lempresa","category-general","category-portada"],"post_mailing_queue_ids":[],"_links":{"self":[{"href":"https:\/\/projectes.xtec.cat\/pfi\/wp-json\/wp\/v2\/posts\/12916","targetHints":{"allow":["GET"]}}],"collection":[{"href":"https:\/\/projectes.xtec.cat\/pfi\/wp-json\/wp\/v2\/posts"}],"about":[{"href":"https:\/\/projectes.xtec.cat\/pfi\/wp-json\/wp\/v2\/types\/post"}],"author":[{"embeddable":true,"href":"https:\/\/projectes.xtec.cat\/pfi\/wp-json\/wp\/v2\/users\/1"}],"replies":[{"embeddable":true,"href":"https:\/\/projectes.xtec.cat\/pfi\/wp-json\/wp\/v2\/comments?post=12916"}],"version-history":[{"count":3,"href":"https:\/\/projectes.xtec.cat\/pfi\/wp-json\/wp\/v2\/posts\/12916\/revisions"}],"predecessor-version":[{"id":12925,"href":"https:\/\/projectes.xtec.cat\/pfi\/wp-json\/wp\/v2\/posts\/12916\/revisions\/12925"}],"wp:featuredmedia":[{"embeddable":true,"href":"https:\/\/projectes.xtec.cat\/pfi\/wp-json\/wp\/v2\/media\/12918"}],"wp:attachment":[{"href":"https:\/\/projectes.xtec.cat\/pfi\/wp-json\/wp\/v2\/media?parent=12916"}],"wp:term":[{"taxonomy":"category","embeddable":true,"href":"https:\/\/projectes.xtec.cat\/pfi\/wp-json\/wp\/v2\/categories?post=12916"},{"taxonomy":"post_tag","embeddable":true,"href":"https:\/\/projectes.xtec.cat\/pfi\/wp-json\/wp\/v2\/tags?post=12916"}],"curies":[{"name":"wp","href":"https:\/\/api.w.org\/{rel}","templated":true}]}}