{"id":13109,"date":"2021-12-17T14:27:06","date_gmt":"2021-12-17T13:27:06","guid":{"rendered":"https:\/\/projectes.xtec.cat\/pfi\/?p=13109"},"modified":"2021-12-17T14:46:06","modified_gmt":"2021-12-17T13:46:06","slug":"feedback-i-tancament-del-taller-sobre-la-felicitat","status":"publish","type":"post","link":"https:\/\/projectes.xtec.cat\/pfi\/general\/feedback-i-tancament-del-taller-sobre-la-felicitat\/","title":{"rendered":"Feedback i tancament del taller sobre la &#8220;Felicitat&#8221;"},"content":{"rendered":"<p>En la segona trobada del taller &#8220;la Felicitat&#8221; compartim la feina feta als grups PFI i ens donem el feedback sobre l&#8217;activitat que va\u00a0 inaugurar la 4a edici\u00f3 del projectes Hist\u00f2ries de Vida.<\/p>\n<p>En aquesta ocasi\u00f3, s&#8217;ha comptat amb la participaci\u00f3 dels PFI seg\u00fcents:<\/p>\n<ul>\n<li>PFI El Prat de Llobregat, perfil &#8220;Auxiliar de reparaci\u00f3 i manteniment de\u00a0<em>vehicles<\/em> lleugers.&#8221;<\/li>\n<li>PFI de Guissona, perfil &#8220;Auxiliar de vendes, oficina i atenci\u00f3 al p\u00fablic&#8221;.<\/li>\n<li>PFI Verge de la Cinta de Tortosa, perfil &#8220;Auxiliar d\u2019Hoteleria: cuina i c\u00e0tering&#8221;.<\/li>\n<li>PFI Selva del Camp, perfil &#8220;Auxiliar de vendes, oficina i atenci\u00f3 al p\u00fablic&#8221;.<\/li>\n<\/ul>\n<p>Hem pogut compartir i veure com els diferents grups han treballat a l&#8217;aula les propostes pedag\u00f2giques sobre la felicitat, que la Pauline Bassali, amb l&#8217;experi\u00e8ncia del seu <a href=\"https:\/\/shiawaseproject.jimdosite.com\/\">projecte<\/a>\u00a0va fer-nos en el primer taller al mes d&#8217;octubre. D&#8217;aquesta sessi\u00f3 ens quedem amb les reflexions i les propostes pedag\u00f2giques que ha fet l&#8217;alumnat i el professorat del PFI. Finalment, la Pauline ens ha explicat i ampliat amb una nova activitat d&#8217;aula per ampliar i seguir treballant els valors i les actuacions que ens porten com un mapa, all\u00e0 on volem anar. Molt bona feina!<\/p>\n<p>Tamb\u00e9 us compartim material que ha elaborat els professorat #PFI per a complementar el taller de la &#8220;Felicitat&#8221;, com a recurs i activitats d&#8217;aula. Molt\u00edssimes gr\u00e0cies per compartir i apropar-nos m\u00e9s a la saviesa de l&#8217;experi\u00e8ncia i la projecci\u00f3 d&#8217;objectius i valors clars, com a recurs personal per afrontar les situacions que la vida ens planteja.<\/p>\n<p><a href=\"https:\/\/sites.google.com\/xtec.cat\/historiesdevida\/4a-edici%C3%B3-21-22\/formacions?authuser=0\">Enlla\u00e7 al sites Hist\u00f2ries de Vida<\/a><\/p>\n<table style=\"border-collapse: collapse; width: 100%;\">\n<tbody>\n<tr>\n<td style=\"width: 50%;\"><a href=\"https:\/\/projectes.xtec.cat\/pfi\/wp-content\/uploads\/usu1781\/2021\/12\/WhatsApp-Image-2021-12-17-at-12.30.17.jpeg\"><img loading=\"lazy\" decoding=\"async\" class=\"aligncenter size-full wp-image-13112\" src=\"https:\/\/projectes.xtec.cat\/pfi\/wp-content\/uploads\/usu1781\/2021\/12\/WhatsApp-Image-2021-12-17-at-12.30.17.jpeg\" alt=\"\" width=\"1080\" height=\"484\" srcset=\"https:\/\/projectes.xtec.cat\/pfi\/wp-content\/uploads\/usu1781\/2021\/12\/WhatsApp-Image-2021-12-17-at-12.30.17.jpeg 1080w, https:\/\/projectes.xtec.cat\/pfi\/wp-content\/uploads\/usu1781\/2021\/12\/WhatsApp-Image-2021-12-17-at-12.30.17-300x134.jpeg 300w, https:\/\/projectes.xtec.cat\/pfi\/wp-content\/uploads\/usu1781\/2021\/12\/WhatsApp-Image-2021-12-17-at-12.30.17-1024x459.jpeg 1024w, https:\/\/projectes.xtec.cat\/pfi\/wp-content\/uploads\/usu1781\/2021\/12\/WhatsApp-Image-2021-12-17-at-12.30.17-768x344.jpeg 768w\" sizes=\"auto, (max-width: 1080px) 100vw, 1080px\" \/><\/a><\/td>\n<td style=\"width: 50%;\"><a href=\"https:\/\/projectes.xtec.cat\/pfi\/wp-content\/uploads\/usu1781\/2021\/12\/WhatsApp-Image-2021-12-17-at-12.30.17-3.jpeg\"><img loading=\"lazy\" decoding=\"async\" class=\"aligncenter wp-image-13116\" src=\"https:\/\/projectes.xtec.cat\/pfi\/wp-content\/uploads\/usu1781\/2021\/12\/WhatsApp-Image-2021-12-17-at-12.30.17-3.jpeg\" alt=\"\" width=\"452\" height=\"254\" srcset=\"https:\/\/projectes.xtec.cat\/pfi\/wp-content\/uploads\/usu1781\/2021\/12\/WhatsApp-Image-2021-12-17-at-12.30.17-3.jpeg 1920w, https:\/\/projectes.xtec.cat\/pfi\/wp-content\/uploads\/usu1781\/2021\/12\/WhatsApp-Image-2021-12-17-at-12.30.17-3-300x169.jpeg 300w, https:\/\/projectes.xtec.cat\/pfi\/wp-content\/uploads\/usu1781\/2021\/12\/WhatsApp-Image-2021-12-17-at-12.30.17-3-1024x576.jpeg 1024w, https:\/\/projectes.xtec.cat\/pfi\/wp-content\/uploads\/usu1781\/2021\/12\/WhatsApp-Image-2021-12-17-at-12.30.17-3-768x432.jpeg 768w, https:\/\/projectes.xtec.cat\/pfi\/wp-content\/uploads\/usu1781\/2021\/12\/WhatsApp-Image-2021-12-17-at-12.30.17-3-1536x864.jpeg 1536w\" sizes=\"auto, (max-width: 452px) 100vw, 452px\" \/><\/a><\/td>\n<\/tr>\n<tr>\n<td style=\"width: 50%;\"><a href=\"https:\/\/projectes.xtec.cat\/pfi\/wp-content\/uploads\/usu1781\/2021\/12\/WhatsApp-Image-2021-12-17-at-12.30.17-2.jpeg\"><img loading=\"lazy\" decoding=\"async\" class=\"aligncenter size-full wp-image-13115\" src=\"https:\/\/projectes.xtec.cat\/pfi\/wp-content\/uploads\/usu1781\/2021\/12\/WhatsApp-Image-2021-12-17-at-12.30.17-2.jpeg\" alt=\"\" width=\"1080\" height=\"477\" srcset=\"https:\/\/projectes.xtec.cat\/pfi\/wp-content\/uploads\/usu1781\/2021\/12\/WhatsApp-Image-2021-12-17-at-12.30.17-2.jpeg 1080w, https:\/\/projectes.xtec.cat\/pfi\/wp-content\/uploads\/usu1781\/2021\/12\/WhatsApp-Image-2021-12-17-at-12.30.17-2-300x133.jpeg 300w, https:\/\/projectes.xtec.cat\/pfi\/wp-content\/uploads\/usu1781\/2021\/12\/WhatsApp-Image-2021-12-17-at-12.30.17-2-1024x452.jpeg 1024w, https:\/\/projectes.xtec.cat\/pfi\/wp-content\/uploads\/usu1781\/2021\/12\/WhatsApp-Image-2021-12-17-at-12.30.17-2-768x339.jpeg 768w\" sizes=\"auto, (max-width: 1080px) 100vw, 1080px\" \/><\/a><\/td>\n<td style=\"width: 50%;\"><a href=\"https:\/\/projectes.xtec.cat\/pfi\/wp-content\/uploads\/usu1781\/2021\/12\/WhatsApp-Image-2021-12-17-at-12.30.17-1.jpeg\"><img loading=\"lazy\" decoding=\"async\" class=\"aligncenter size-full wp-image-13114\" src=\"https:\/\/projectes.xtec.cat\/pfi\/wp-content\/uploads\/usu1781\/2021\/12\/WhatsApp-Image-2021-12-17-at-12.30.17-1.jpeg\" alt=\"\" width=\"1080\" height=\"478\" srcset=\"https:\/\/projectes.xtec.cat\/pfi\/wp-content\/uploads\/usu1781\/2021\/12\/WhatsApp-Image-2021-12-17-at-12.30.17-1.jpeg 1080w, https:\/\/projectes.xtec.cat\/pfi\/wp-content\/uploads\/usu1781\/2021\/12\/WhatsApp-Image-2021-12-17-at-12.30.17-1-300x133.jpeg 300w, https:\/\/projectes.xtec.cat\/pfi\/wp-content\/uploads\/usu1781\/2021\/12\/WhatsApp-Image-2021-12-17-at-12.30.17-1-1024x453.jpeg 1024w, https:\/\/projectes.xtec.cat\/pfi\/wp-content\/uploads\/usu1781\/2021\/12\/WhatsApp-Image-2021-12-17-at-12.30.17-1-768x340.jpeg 768w\" sizes=\"auto, (max-width: 1080px) 100vw, 1080px\" \/><\/a><\/td>\n<\/tr>\n<\/tbody>\n<\/table>\n<p>#pfiCAT #impulsFP #SomFP<\/p>\n","protected":false},"excerpt":{"rendered":"<p>En la segona trobada del taller &#8220;la Felicitat&#8221; compartim la feina feta als grups PFI i ens donem el feedback sobre l&#8217;activitat que va\u00a0 inaugurar la 4a edici\u00f3 del projectes Hist\u00f2ries de Vida.<br \/>\nEn aquesta ocasi\u00f3, s&#8217;ha comptat amb la participaci\u00f3 dels PFI seg\u00fcents:<\/p>\n<ul>\n<li>PFI El Prat&hellip;  <a href=\"https:\/\/projectes.xtec.cat\/pfi\/general\/feedback-i-tancament-del-taller-sobre-la-felicitat\/\" title=\"Read Feedback i tancament del taller sobre la &#8220;Felicitat&#8221;\">Llegeix m\u00e9s\u00bb<\/a><br \/>\n","protected":false},"author":1,"featured_media":13112,"comment_status":"open","ping_status":"closed","sticky":false,"template":"","format":"standard","meta":{"_bbp_topic_count":0,"_bbp_reply_count":0,"_bbp_total_topic_count":0,"_bbp_total_reply_count":0,"_bbp_voice_count":0,"_bbp_anonymous_reply_count":0,"_bbp_topic_count_hidden":0,"_bbp_reply_count_hidden":0,"_bbp_forum_subforum_count":0,"footnotes":""},"categories":[1,373,29],"tags":[289,509,392,364],"class_list":["post-13109","post","type-post","status-publish","format-standard","has-post-thumbnail","hentry","category-general","category-histories-de-vida","category-portada","tag-alumnes-pfi","tag-felicitat","tag-histories-de-vida","tag-projectes"],"post_mailing_queue_ids":[],"_links":{"self":[{"href":"https:\/\/projectes.xtec.cat\/pfi\/wp-json\/wp\/v2\/posts\/13109","targetHints":{"allow":["GET"]}}],"collection":[{"href":"https:\/\/projectes.xtec.cat\/pfi\/wp-json\/wp\/v2\/posts"}],"about":[{"href":"https:\/\/projectes.xtec.cat\/pfi\/wp-json\/wp\/v2\/types\/post"}],"author":[{"embeddable":true,"href":"https:\/\/projectes.xtec.cat\/pfi\/wp-json\/wp\/v2\/users\/1"}],"replies":[{"embeddable":true,"href":"https:\/\/projectes.xtec.cat\/pfi\/wp-json\/wp\/v2\/comments?post=13109"}],"version-history":[{"count":3,"href":"https:\/\/projectes.xtec.cat\/pfi\/wp-json\/wp\/v2\/posts\/13109\/revisions"}],"predecessor-version":[{"id":13119,"href":"https:\/\/projectes.xtec.cat\/pfi\/wp-json\/wp\/v2\/posts\/13109\/revisions\/13119"}],"wp:featuredmedia":[{"embeddable":true,"href":"https:\/\/projectes.xtec.cat\/pfi\/wp-json\/wp\/v2\/media\/13112"}],"wp:attachment":[{"href":"https:\/\/projectes.xtec.cat\/pfi\/wp-json\/wp\/v2\/media?parent=13109"}],"wp:term":[{"taxonomy":"category","embeddable":true,"href":"https:\/\/projectes.xtec.cat\/pfi\/wp-json\/wp\/v2\/categories?post=13109"},{"taxonomy":"post_tag","embeddable":true,"href":"https:\/\/projectes.xtec.cat\/pfi\/wp-json\/wp\/v2\/tags?post=13109"}],"curies":[{"name":"wp","href":"https:\/\/api.w.org\/{rel}","templated":true}]}}