{"id":13154,"date":"2021-12-21T13:27:59","date_gmt":"2021-12-21T12:27:59","guid":{"rendered":"https:\/\/projectes.xtec.cat\/pfi\/?p=13154"},"modified":"2021-12-21T13:28:25","modified_gmt":"2021-12-21T12:28:25","slug":"el-pfi-montbui-recapta-125-euros-en-lesmorzar-solidari-de-la-marato-de-tv3","status":"publish","type":"post","link":"https:\/\/projectes.xtec.cat\/pfi\/general\/el-pfi-montbui-recapta-125-euros-en-lesmorzar-solidari-de-la-marato-de-tv3\/","title":{"rendered":"El PFI Montbui recapta 125 euros en l\u2019Esmorzar Solidari de la Marat\u00f3 de TV3"},"content":{"rendered":"<p><span style=\"font-weight: 400;\">El PFI ha participat, com cada any, en la campanya de sensibilitzaci\u00f3 de la Marat\u00f3 de TV3 per\u00f2, en aquesta ocasi\u00f3, ha volgut fer un pas m\u00e9s enll\u00e0 i recaptar fons mitjan\u00e7ant un Esmorzar Solidari adre\u00e7at a tot l\u2019alumnat i professorat de l\u2019Institut Montbui. L\u2019esmorzar va tenir lloc el dia 17 de desembre i es van recaptar 125 euros.<\/span><\/p>\n<p><span style=\"font-weight: 400;\">Durant l\u2019esmorzar, es va fer el repartiment de croissants, sucs, batuts de cacau i llaunes de refresc. La log\u00edstica va anar a c\u00e0rrec de l\u2019alumnat del PFI, aix\u00ed com la compra dels productes, la venda de tiquets, l\u2019estudi de costos i de beneficis. Dels 125 euros recaptats, la majoria van ser gr\u00e0cies a la venda de tiquets (103 euros), per\u00f2 tamb\u00e9 hi van haver 22 euros de donatius. Un cop descomptats els costos per la compra dels productes de l&#8217;esmorzar, els beneficis van ser de 71 euros, que es van lliurar \u00edntegrament a La Marat\u00f3 de TV3 mitjan\u00e7ant transfer\u00e8ncia banc\u00e0ria.<\/span><\/p>\n<p><span style=\"font-weight: 400;\">Per anunciar l\u2019esmorzar, l\u2019alumnat del PFI va participar en un Concurs de Cartells. Tots els treballs participants van romandre exposats pels passadissos de l\u2019institut els dies previs a l\u2019esmorzar, per informar de la data de celebraci\u00f3 i dels dies de venda de tiquets.\u00a0<\/span><\/p>\n<p><span style=\"font-weight: 400;\">L\u2019alumne Jordi Padilla va resultar vencedor del concurs, amb un cartell realitzat amb l\u2019aplicaci\u00f3 Canva que tracta sobre el tema central de la Marat\u00f3 d\u2019enguany, les malalties mentals. El jurat estava format per les dues professores del PFI, Elvira \u00c1vila i Susana Val\u00e8ncia, la directora de l\u2019Institut, Eva Raich, i la professora de Visual i Pl\u00e0stica N\u00faria Mart\u00ed, que van valorar el fet que sigui un cartell <\/span><b><i>\u201cque destaca per sobre de la resta per la t\u00e8cnica creativa utilitzada, amb una aparen\u00e7a molt professional, visualment molt impactant, per la complexitat del disseny i el bon \u00fas del blanc i negre\u201d,<\/i><\/b><span style=\"font-weight: 400;\"> aix\u00ed com pel fet que <\/span><b><i>\u201crepresenta molt b\u00e9 la fragmentaci\u00f3 que impliquen les malalties mentals\u201d.<\/i><\/b><\/p>\n<p><span style=\"font-weight: 400;\">En segona posici\u00f3 va quedar l\u2019alumna M\u00f3nica S\u00e1nchez, amb un cartell que destacava, segons el jurat, <\/span><b><i>\u201cper la claredat amb qu\u00e8 presenta la informaci\u00f3, la bona composici\u00f3 del text i la imatge, i el dibuix central, que representa un garbuix emocional, relacionat directament amb el tema de la Marat\u00f3: les malalties mentals\u201d.\u00a0<\/i><\/b><\/p>\n<p><span style=\"font-weight: 400;\">L\u2019alumna que va quedar en tercera posici\u00f3 del concurs va ser Ainoa P\u00e9rez. Segons el jurat, del seu treball cal destacar <\/span><b><i>\u201cles imatges triades per fer el disseny i la interessant composici\u00f3 d\u2019aquestes imatges\u201d. <\/i><\/b><span style=\"font-weight: 400;\">La directora de l\u2019INS Montbui, Eva Raich, va ser l\u2019encarregada de lliurar els premis.<\/span><\/p>\n<p><span style=\"font-weight: 400;\">El dia de l\u2019Esmorzar Solidari, el PFI va celebrar una jornada festiva, que tamb\u00e9 va incloure la projecci\u00f3 de la pel\u00b7l\u00edcula \u201cJoker\u201d, de Todd Phillips (vinculada a les malalties mentals). La festa es va traslladar, finalment, a la pista poliesportiva de l\u2019Institut, on es va disputar un partit de futbol.<\/span><\/p>\n<p><span style=\"font-weight: 400;\">L\u2019Esmorzar Solidari, la jornada festiva i el Concurs de Cartells conformen un projecte avaluable dins el m\u00f2dul d\u2019Estrat\u00e8gies i Eines de Comunicaci\u00f3 (expressi\u00f3 escrita en catal\u00e0 i \u00fas de les TIC per al disseny dels cartells) i dins el m\u00f2dul d\u2019Estrat\u00e8gies i Eines Matem\u00e0tiques (c\u00e0lcul de costos, marges i beneficis de l\u2019Esmorzar Solidari). Tamb\u00e9 s\u2019avalua des del m\u00f2dul de T\u00e8cniques administratives b\u00e0siques la part d&#8217;impressi\u00f3 i plastificaci\u00f3 dels cartells. Tanmateix, el pes pedag\u00f2gic del projecte \u00e9s de sensibilitzaci\u00f3.<\/span><\/p>\n<p>#pfiCAT #impulsFP #SomFP<\/p>\n","protected":false},"excerpt":{"rendered":"<p>El PFI ha participat, com cada any, en la campanya de sensibilitzaci\u00f3 de la Marat\u00f3 de TV3 per\u00f2, en aquesta ocasi\u00f3, ha volgut fer un pas m\u00e9s enll\u00e0 i recaptar fons mitjan\u00e7ant un Esmorzar Solidari adre\u00e7at a tot l\u2019alumnat i professorat de l\u2019Institut Montbui. L\u2019esmorzar&hellip;  <a href=\"https:\/\/projectes.xtec.cat\/pfi\/general\/el-pfi-montbui-recapta-125-euros-en-lesmorzar-solidari-de-la-marato-de-tv3\/\" title=\"Read El PFI Montbui recapta 125 euros en l\u2019Esmorzar Solidari de la Marat\u00f3 de TV3\">Llegeix m\u00e9s\u00bb<\/a><\/p>\n","protected":false},"author":190,"featured_media":13155,"comment_status":"open","ping_status":"closed","sticky":false,"template":"","format":"standard","meta":{"_bbp_topic_count":0,"_bbp_reply_count":0,"_bbp_total_topic_count":0,"_bbp_total_reply_count":0,"_bbp_voice_count":0,"_bbp_anonymous_reply_count":0,"_bbp_topic_count_hidden":0,"_bbp_reply_count_hidden":0,"_bbp_forum_subforum_count":0,"footnotes":""},"categories":[1,382,29],"tags":[499,289,511,510],"class_list":["post-13154","post","type-post","status-publish","format-standard","has-post-thumbnail","hentry","category-general","category-microprojectes","category-portada","tag-accions-solidaries","tag-alumnes-pfi","tag-la-marato","tag-mircoprojectes"],"post_mailing_queue_ids":[],"_links":{"self":[{"href":"https:\/\/projectes.xtec.cat\/pfi\/wp-json\/wp\/v2\/posts\/13154","targetHints":{"allow":["GET"]}}],"collection":[{"href":"https:\/\/projectes.xtec.cat\/pfi\/wp-json\/wp\/v2\/posts"}],"about":[{"href":"https:\/\/projectes.xtec.cat\/pfi\/wp-json\/wp\/v2\/types\/post"}],"author":[{"embeddable":true,"href":"https:\/\/projectes.xtec.cat\/pfi\/wp-json\/wp\/v2\/users\/190"}],"replies":[{"embeddable":true,"href":"https:\/\/projectes.xtec.cat\/pfi\/wp-json\/wp\/v2\/comments?post=13154"}],"version-history":[{"count":2,"href":"https:\/\/projectes.xtec.cat\/pfi\/wp-json\/wp\/v2\/posts\/13154\/revisions"}],"predecessor-version":[{"id":13163,"href":"https:\/\/projectes.xtec.cat\/pfi\/wp-json\/wp\/v2\/posts\/13154\/revisions\/13163"}],"wp:featuredmedia":[{"embeddable":true,"href":"https:\/\/projectes.xtec.cat\/pfi\/wp-json\/wp\/v2\/media\/13155"}],"wp:attachment":[{"href":"https:\/\/projectes.xtec.cat\/pfi\/wp-json\/wp\/v2\/media?parent=13154"}],"wp:term":[{"taxonomy":"category","embeddable":true,"href":"https:\/\/projectes.xtec.cat\/pfi\/wp-json\/wp\/v2\/categories?post=13154"},{"taxonomy":"post_tag","embeddable":true,"href":"https:\/\/projectes.xtec.cat\/pfi\/wp-json\/wp\/v2\/tags?post=13154"}],"curies":[{"name":"wp","href":"https:\/\/api.w.org\/{rel}","templated":true}]}}