{"id":13188,"date":"2021-12-22T10:54:00","date_gmt":"2021-12-22T09:54:00","guid":{"rendered":"https:\/\/projectes.xtec.cat\/pfi\/?p=13188"},"modified":"2021-12-22T10:54:00","modified_gmt":"2021-12-22T09:54:00","slug":"participem-en-el-mon-magic-de-les-muntanyes-de-la-seu-durgell","status":"publish","type":"post","link":"https:\/\/projectes.xtec.cat\/pfi\/general\/participem-en-el-mon-magic-de-les-muntanyes-de-la-seu-durgell\/","title":{"rendered":"Participem en el m\u00f3n m\u00e0gic de les muntanyes de la Seu d&#8217;Urgell"},"content":{"rendered":"<p>L&#8217;alumnat del PFI PTT de La Seu ha col\u00b7laborat aquest Nadal en la campanya del M\u00f3n M\u00e0gic de les Muntanyes. Hem realitzat un Ti\u00f3 en forma de tractor de grans dimensions. A l&#8217;espai exterior vam tallar el tronc que ens havia deixat la Brigada de Jardineria de l&#8217;Ajuntament i a l&#8217;aula vam dissenyar i preparar la manta que l&#8217;havia de cobrir.\u00a0 Vam fer unes rodes i tamb\u00e9 li vam col\u00b7locar seient, volant i tub d&#8217;escapament.<\/p>\n<p>Un altre dia hem anat a fer ornaments a les tanques que han de preparar el cam\u00ed per anar a fer cagar el ti\u00f3 a tots els nens i nenes de La Seu d&#8217;Urgell.<\/p>\n<p><a href=\"https:\/\/projectes.xtec.cat\/pfi\/wp-content\/uploads\/usu1781\/2021\/12\/1638359923650.jpg\"><img loading=\"lazy\" decoding=\"async\" class=\"size-large wp-image-13189 aligncenter\" src=\"https:\/\/projectes.xtec.cat\/pfi\/wp-content\/uploads\/usu1781\/2021\/12\/1638359923650.jpg\" alt=\"\" width=\"461\" height=\"1024\" srcset=\"https:\/\/projectes.xtec.cat\/pfi\/wp-content\/uploads\/usu1781\/2021\/12\/1638359923650.jpg 461w, https:\/\/projectes.xtec.cat\/pfi\/wp-content\/uploads\/usu1781\/2021\/12\/1638359923650-135x300.jpg 135w\" sizes=\"auto, (max-width: 461px) 100vw, 461px\" \/><\/a> <a href=\"https:\/\/projectes.xtec.cat\/pfi\/wp-content\/uploads\/usu1781\/2021\/12\/Tio-volant.jpg\"><img loading=\"lazy\" decoding=\"async\" class=\"size-large wp-image-13192 aligncenter\" src=\"https:\/\/projectes.xtec.cat\/pfi\/wp-content\/uploads\/usu1781\/2021\/12\/Tio-volant.jpg\" alt=\"\" width=\"768\" height=\"1024\" srcset=\"https:\/\/projectes.xtec.cat\/pfi\/wp-content\/uploads\/usu1781\/2021\/12\/Tio-volant.jpg 768w, https:\/\/projectes.xtec.cat\/pfi\/wp-content\/uploads\/usu1781\/2021\/12\/Tio-volant-225x300.jpg 225w\" sizes=\"auto, (max-width: 768px) 100vw, 768px\" \/><\/a><br \/>\n#pfiCAT #impulsFP #SomFP<\/p>\n","protected":false},"excerpt":{"rendered":"<p>L&#8217;alumnat del PFI PTT de La Seu ha col\u00b7laborat aquest Nadal en la campanya del M\u00f3n M\u00e0gic de les Muntanyes. Hem realitzat un Ti\u00f3 en forma de tractor de grans dimensions. A l&#8217;espai exterior vam tallar el tronc que ens havia deixat la Brigada de&hellip;  <a href=\"https:\/\/projectes.xtec.cat\/pfi\/general\/participem-en-el-mon-magic-de-les-muntanyes-de-la-seu-durgell\/\" title=\"Read Participem en el m\u00f3n m\u00e0gic de les muntanyes de la Seu d&#8217;Urgell\">Llegeix m\u00e9s\u00bb<\/a><\/p>\n","protected":false},"author":189,"featured_media":13192,"comment_status":"open","ping_status":"closed","sticky":false,"template":"","format":"standard","meta":{"_bbp_topic_count":0,"_bbp_reply_count":0,"_bbp_total_topic_count":0,"_bbp_total_reply_count":0,"_bbp_voice_count":0,"_bbp_anonymous_reply_count":0,"_bbp_topic_count_hidden":0,"_bbp_reply_count_hidden":0,"_bbp_forum_subforum_count":0,"footnotes":""},"categories":[1,29],"tags":[289,505,364],"class_list":["post-13188","post","type-post","status-publish","format-standard","has-post-thumbnail","hentry","category-general","category-portada","tag-alumnes-pfi","tag-nadal","tag-projectes"],"post_mailing_queue_ids":[],"_links":{"self":[{"href":"https:\/\/projectes.xtec.cat\/pfi\/wp-json\/wp\/v2\/posts\/13188","targetHints":{"allow":["GET"]}}],"collection":[{"href":"https:\/\/projectes.xtec.cat\/pfi\/wp-json\/wp\/v2\/posts"}],"about":[{"href":"https:\/\/projectes.xtec.cat\/pfi\/wp-json\/wp\/v2\/types\/post"}],"author":[{"embeddable":true,"href":"https:\/\/projectes.xtec.cat\/pfi\/wp-json\/wp\/v2\/users\/189"}],"replies":[{"embeddable":true,"href":"https:\/\/projectes.xtec.cat\/pfi\/wp-json\/wp\/v2\/comments?post=13188"}],"version-history":[{"count":2,"href":"https:\/\/projectes.xtec.cat\/pfi\/wp-json\/wp\/v2\/posts\/13188\/revisions"}],"predecessor-version":[{"id":13196,"href":"https:\/\/projectes.xtec.cat\/pfi\/wp-json\/wp\/v2\/posts\/13188\/revisions\/13196"}],"wp:featuredmedia":[{"embeddable":true,"href":"https:\/\/projectes.xtec.cat\/pfi\/wp-json\/wp\/v2\/media\/13192"}],"wp:attachment":[{"href":"https:\/\/projectes.xtec.cat\/pfi\/wp-json\/wp\/v2\/media?parent=13188"}],"wp:term":[{"taxonomy":"category","embeddable":true,"href":"https:\/\/projectes.xtec.cat\/pfi\/wp-json\/wp\/v2\/categories?post=13188"},{"taxonomy":"post_tag","embeddable":true,"href":"https:\/\/projectes.xtec.cat\/pfi\/wp-json\/wp\/v2\/tags?post=13188"}],"curies":[{"name":"wp","href":"https:\/\/api.w.org\/{rel}","templated":true}]}}