{"id":13213,"date":"2022-01-10T09:57:52","date_gmt":"2022-01-10T08:57:52","guid":{"rendered":"https:\/\/projectes.xtec.cat\/pfi\/?p=13213"},"modified":"2022-01-10T09:57:52","modified_gmt":"2022-01-10T08:57:52","slug":"visita-al-museu-de-la-perruqueria-de-raffel-pages","status":"publish","type":"post","link":"https:\/\/projectes.xtec.cat\/pfi\/general\/visita-al-museu-de-la-perruqueria-de-raffel-pages\/","title":{"rendered":"Visita al Museu de la Perruqueria de Raffel Pag\u00e8s"},"content":{"rendered":"<p><span style=\"font-weight: 400;\">El passat 16 de novembre el grup d&#8217;Imatge Personal del PFI PTTde Manresa (CIO) vam anar d&#8217;excursi\u00f3 al Museu de la Perruqueria del Raffel Pag\u00e8s a Barcelona. <\/span><\/p>\n<p><span style=\"font-weight: 400;\">Vam sortir ben d\u2019hora des de l&#8217;estaci\u00f3 de la RENFE en direcci\u00f3 a la ciutat comtal.<\/span><\/p>\n<p><span style=\"font-weight: 400;\">Quan vam arribar al museu, el guia ens va explicar que el Raffel Pag\u00e8s era conegut per ser perruquer i per comprar antiguitats de perruqueria fins al punt que tenia tantes coses acumulades que va decidir fer un museu. Per aix\u00f2 es va crear \u201cEl Museu de la perruqueria\u201d de Raffel Pag\u00e8s.\u00a0<\/span><\/p>\n<p><span style=\"font-weight: 400;\">Ell de petit no volia ser perruquer, volia ser metge, per\u00f2 el seu pare si que ho era i volia que ell tamb\u00e9 ho fos, aix\u00ed que va deixar de perseguir el somni de ser metge pel seu pare, per ser perruquer. Al final li va acabar encantant, i no es veia en un altre ofici que no fos aquest. \u00c9s m\u00e9s, ell tenia unes tisores daurades que per res del m\u00f3n podia tallar cabells sense elles! Una an\u00e8cdota que ens van explicar, va ser que una vegada va a anar a New York a fer-li expressament un pentinat a una famosa, i qu\u00e8 va passar? Que un cop va arribar a New York es va adonar que no portava les seves tisores a sobre, i com que ell no podia fer res sense les seves tisores\u2026 va tornar aqu\u00ed per agafar-les i retornar a New York per fer li el pentinat! Una bogeria totalment, per\u00f2 s\u00f3n bogeries de perruquer que ning\u00fa entendr\u00e0 si no ets del gremi.\u00a0<\/span><\/p>\n<p><span style=\"font-weight: 400;\">Tamb\u00e9 ens va parlar dels assecadors de casc. Ens va explicar que una senyora es va morir dins perqu\u00e8 hi havien molts cables i es va electrificar. <\/span><\/p>\n<p><span style=\"font-weight: 400;\">Al museu tamb\u00e9 hi havia una nina amb una hist\u00f2ria molt interessant: l&#8217;\u00e0via va comprar una nina per la seva n\u00e9ta i aquesta va morir als pocs dies de regalar-li la nina. L&#8217;\u00e0via estava molt malament, aix\u00ed que va anar a una botiga d&#8217;antiguitats i va demanar-li si us plau al venedor que ning\u00fa toques la nina, que la deixessin tal i com estava, perqu\u00e8 per a ella en el fons aquella nina era com la seva n\u00e9ta, una part d\u2019ella s&#8217;havia quedat a la nina amb ella, i per aix\u00f2 era tant importat per l\u2019\u00e0via\u2026 i aquesta nina est\u00e0 dins del Museu.<\/span><\/p>\n<p><span style=\"font-weight: 400;\">Aquell dia vam veure coses interessants com raspalls, tisores, assecadors\u2026 Hi havia una perruca que va guanyar el premi de \u201cla perruca amb m\u00e9s p\u00e8l d\u2019 Espanya\u201d. Era la Sagrada Fam\u00edlia feta de p\u00e8l! Incre\u00efble!\u00a0<\/span><\/p>\n<p><span style=\"font-weight: 400;\">Per \u00faltim, ens va sorprendre que hi havia un un raspall amb forma de peix, i \u00e9s perqu\u00e8 antigament quan no hi havien pintes ni res, agafaven els peixos, els netejaven i amb les pr\u00f2pies espines es pentinaven.<\/span><\/p>\n<p><span style=\"font-weight: 400;\">Aquest \u00e9s un breu resum del qu\u00e8 vam aprendre al Museu de la Perruqueria de Barcelona, ens va agradar i va ser una bona experi\u00e8ncia!<\/span><\/p>\n<p><a href=\"https:\/\/projectes.xtec.cat\/pfi\/wp-content\/uploads\/usu1781\/2021\/12\/IMG_5277-scaled.jpeg\"><img loading=\"lazy\" decoding=\"async\" class=\"wp-image-13214 aligncenter\" src=\"https:\/\/projectes.xtec.cat\/pfi\/wp-content\/uploads\/usu1781\/2021\/12\/IMG_5277-1024x768.jpeg\" alt=\"\" width=\"316\" height=\"237\" srcset=\"https:\/\/projectes.xtec.cat\/pfi\/wp-content\/uploads\/usu1781\/2021\/12\/IMG_5277-1024x768.jpeg 1024w, https:\/\/projectes.xtec.cat\/pfi\/wp-content\/uploads\/usu1781\/2021\/12\/IMG_5277-300x225.jpeg 300w, https:\/\/projectes.xtec.cat\/pfi\/wp-content\/uploads\/usu1781\/2021\/12\/IMG_5277-768x576.jpeg 768w, https:\/\/projectes.xtec.cat\/pfi\/wp-content\/uploads\/usu1781\/2021\/12\/IMG_5277-1536x1152.jpeg 1536w, https:\/\/projectes.xtec.cat\/pfi\/wp-content\/uploads\/usu1781\/2021\/12\/IMG_5277-2048x1536.jpeg 2048w, https:\/\/projectes.xtec.cat\/pfi\/wp-content\/uploads\/usu1781\/2021\/12\/IMG_5277-200x150.jpeg 200w\" sizes=\"auto, (max-width: 316px) 100vw, 316px\" \/><\/a><\/p>\n<p><a href=\"https:\/\/projectes.xtec.cat\/pfi\/wp-content\/uploads\/usu1781\/2021\/12\/IMG_5282-scaled.jpeg\"><img loading=\"lazy\" decoding=\"async\" class=\"wp-image-13215 aligncenter\" src=\"https:\/\/projectes.xtec.cat\/pfi\/wp-content\/uploads\/usu1781\/2021\/12\/IMG_5282-768x1024.jpeg\" alt=\"La perruca de la Sagrada fam\u00edlia, feta tota de cabell natural i sint\u00e8tic.\" width=\"295\" height=\"393\" srcset=\"https:\/\/projectes.xtec.cat\/pfi\/wp-content\/uploads\/usu1781\/2021\/12\/IMG_5282-768x1024.jpeg 768w, https:\/\/projectes.xtec.cat\/pfi\/wp-content\/uploads\/usu1781\/2021\/12\/IMG_5282-225x300.jpeg 225w, https:\/\/projectes.xtec.cat\/pfi\/wp-content\/uploads\/usu1781\/2021\/12\/IMG_5282-1152x1536.jpeg 1152w, https:\/\/projectes.xtec.cat\/pfi\/wp-content\/uploads\/usu1781\/2021\/12\/IMG_5282-1536x2048.jpeg 1536w, https:\/\/projectes.xtec.cat\/pfi\/wp-content\/uploads\/usu1781\/2021\/12\/IMG_5282-scaled.jpeg 1920w\" sizes=\"auto, (max-width: 295px) 100vw, 295px\" \/><\/a><\/p>\n<p><a href=\"https:\/\/projectes.xtec.cat\/pfi\/wp-content\/uploads\/usu1781\/2021\/12\/IMG_5283-scaled.jpeg\"><img loading=\"lazy\" decoding=\"async\" class=\"wp-image-13216 aligncenter\" src=\"https:\/\/projectes.xtec.cat\/pfi\/wp-content\/uploads\/usu1781\/2021\/12\/IMG_5283-768x1024.jpeg\" alt=\"\" width=\"187\" height=\"250\" srcset=\"https:\/\/projectes.xtec.cat\/pfi\/wp-content\/uploads\/usu1781\/2021\/12\/IMG_5283-768x1024.jpeg 768w, https:\/\/projectes.xtec.cat\/pfi\/wp-content\/uploads\/usu1781\/2021\/12\/IMG_5283-225x300.jpeg 225w, https:\/\/projectes.xtec.cat\/pfi\/wp-content\/uploads\/usu1781\/2021\/12\/IMG_5283-1152x1536.jpeg 1152w, https:\/\/projectes.xtec.cat\/pfi\/wp-content\/uploads\/usu1781\/2021\/12\/IMG_5283-1536x2048.jpeg 1536w, https:\/\/projectes.xtec.cat\/pfi\/wp-content\/uploads\/usu1781\/2021\/12\/IMG_5283-scaled.jpeg 1920w\" sizes=\"auto, (max-width: 187px) 100vw, 187px\" \/><\/a><\/p>\n<p><em>Aquest text l&#8217;ha escrit la Luc\u00eda, l&#8217;Araceli i el Gabriel, a<span style=\"font-weight: 400;\">lumnes del PTT d\u2019imatge personal.<\/span><\/em><\/p>\n<p>#pfiCAT #impulsFP #SomFP<\/p>\n","protected":false},"excerpt":{"rendered":"<p>El passat 16 de novembre el grup d&#8217;Imatge Personal del PFI PTTde Manresa (CIO) vam anar d&#8217;excursi\u00f3 al Museu de la Perruqueria del Raffel Pag\u00e8s a Barcelona.<br \/>\nVam sortir ben d\u2019hora des de l&#8217;estaci\u00f3 de la RENFE en direcci\u00f3 a la ciutat comtal.<br \/>\nQuan vam arribar&hellip;  <a href=\"https:\/\/projectes.xtec.cat\/pfi\/general\/visita-al-museu-de-la-perruqueria-de-raffel-pages\/\" title=\"Read Visita al Museu de la Perruqueria de Raffel Pag\u00e8s\">Llegeix m\u00e9s\u00bb<\/a><\/p>\n","protected":false},"author":199,"featured_media":13214,"comment_status":"open","ping_status":"closed","sticky":false,"template":"","format":"standard","meta":{"_bbp_topic_count":0,"_bbp_reply_count":0,"_bbp_total_topic_count":0,"_bbp_total_reply_count":0,"_bbp_voice_count":0,"_bbp_anonymous_reply_count":0,"_bbp_topic_count_hidden":0,"_bbp_reply_count_hidden":0,"_bbp_forum_subforum_count":0,"footnotes":""},"categories":[1,382,29],"tags":[520,519,517,425,518,484],"class_list":["post-13213","post","type-post","status-publish","format-standard","has-post-thumbnail","hentry","category-general","category-microprojectes","category-portada","tag-barcelona","tag-excursio","tag-imatge-personal","tag-manresa","tag-museu","tag-ptt"],"post_mailing_queue_ids":[],"_links":{"self":[{"href":"https:\/\/projectes.xtec.cat\/pfi\/wp-json\/wp\/v2\/posts\/13213","targetHints":{"allow":["GET"]}}],"collection":[{"href":"https:\/\/projectes.xtec.cat\/pfi\/wp-json\/wp\/v2\/posts"}],"about":[{"href":"https:\/\/projectes.xtec.cat\/pfi\/wp-json\/wp\/v2\/types\/post"}],"author":[{"embeddable":true,"href":"https:\/\/projectes.xtec.cat\/pfi\/wp-json\/wp\/v2\/users\/199"}],"replies":[{"embeddable":true,"href":"https:\/\/projectes.xtec.cat\/pfi\/wp-json\/wp\/v2\/comments?post=13213"}],"version-history":[{"count":3,"href":"https:\/\/projectes.xtec.cat\/pfi\/wp-json\/wp\/v2\/posts\/13213\/revisions"}],"predecessor-version":[{"id":13228,"href":"https:\/\/projectes.xtec.cat\/pfi\/wp-json\/wp\/v2\/posts\/13213\/revisions\/13228"}],"wp:featuredmedia":[{"embeddable":true,"href":"https:\/\/projectes.xtec.cat\/pfi\/wp-json\/wp\/v2\/media\/13214"}],"wp:attachment":[{"href":"https:\/\/projectes.xtec.cat\/pfi\/wp-json\/wp\/v2\/media?parent=13213"}],"wp:term":[{"taxonomy":"category","embeddable":true,"href":"https:\/\/projectes.xtec.cat\/pfi\/wp-json\/wp\/v2\/categories?post=13213"},{"taxonomy":"post_tag","embeddable":true,"href":"https:\/\/projectes.xtec.cat\/pfi\/wp-json\/wp\/v2\/tags?post=13213"}],"curies":[{"name":"wp","href":"https:\/\/api.w.org\/{rel}","templated":true}]}}