{"id":13354,"date":"2022-01-26T11:57:34","date_gmt":"2022-01-26T10:57:34","guid":{"rendered":"https:\/\/projectes.xtec.cat\/pfi\/?p=13354"},"modified":"2022-01-26T12:53:56","modified_gmt":"2022-01-26T11:53:56","slug":"el-pfi-inicia-els-microprojectes-a-santa-coloma-de-farners","status":"publish","type":"post","link":"https:\/\/projectes.xtec.cat\/pfi\/general\/el-pfi-inicia-els-microprojectes-a-santa-coloma-de-farners\/","title":{"rendered":"El PFI inicia els microprojectes a Santa Coloma de Farners"},"content":{"rendered":"<p>Els estudis de PFI de pintura engeguen un microprojecte col\u00b7laborant amb entitats de la nostra poblaci\u00f3, Santa Coloma de Farners.<\/p>\n<p>El primer dels microprojectes ha consistit en la<strong>\u00a0restauraci\u00f3<\/strong>\u00a0<strong>d&#8217;algunes de les joguines<\/strong>\u00a0del pati de la\u00a0<strong>Llar d&#8217;Infants Tabalet.\u00a0<\/strong><\/p>\n<p>Hem dedicat tres sessions per la restauraci\u00f3, a cadascuna d&#8217;elles hem aplicat les t\u00e8cniques treballades durant les sessions te\u00f2riques. S&#8217;ha completat l&#8217;activitat\u00a0 amb el c\u00e0lcul de material\u00a0 necessari.<\/p>\n<p>L&#8217;activitat ha estat gratificant per tot l&#8217;alumnat!<\/p>\n<div class=\"row\">\n<div class=\"thumbs-img\"><a href=\"https:\/\/projectes.xtec.cat\/pfi\/wp-content\/uploads\/usu1781\/2022\/01\/PFI1.jpeg\"><img loading=\"lazy\" decoding=\"async\" class=\"alignnone wp-image-13356 size-medium\" src=\"https:\/\/projectes.xtec.cat\/pfi\/wp-content\/uploads\/usu1781\/2022\/01\/PFI1-225x300.jpeg\" alt=\"\" width=\"225\" height=\"300\" srcset=\"https:\/\/projectes.xtec.cat\/pfi\/wp-content\/uploads\/usu1781\/2022\/01\/PFI1-225x300.jpeg 225w, https:\/\/projectes.xtec.cat\/pfi\/wp-content\/uploads\/usu1781\/2022\/01\/PFI1-768x1024.jpeg 768w, https:\/\/projectes.xtec.cat\/pfi\/wp-content\/uploads\/usu1781\/2022\/01\/PFI1.jpeg 1023w\" sizes=\"auto, (max-width: 225px) 100vw, 225px\" \/><\/a> <a href=\"https:\/\/projectes.xtec.cat\/pfi\/wp-content\/uploads\/usu1781\/2022\/01\/PFI6.jpeg\"><img loading=\"lazy\" decoding=\"async\" class=\"alignnone wp-image-13357 size-medium\" src=\"https:\/\/projectes.xtec.cat\/pfi\/wp-content\/uploads\/usu1781\/2022\/01\/PFI6-225x300.jpeg\" alt=\"\" width=\"225\" height=\"300\" srcset=\"https:\/\/projectes.xtec.cat\/pfi\/wp-content\/uploads\/usu1781\/2022\/01\/PFI6-225x300.jpeg 225w, https:\/\/projectes.xtec.cat\/pfi\/wp-content\/uploads\/usu1781\/2022\/01\/PFI6-768x1024.jpeg 768w, https:\/\/projectes.xtec.cat\/pfi\/wp-content\/uploads\/usu1781\/2022\/01\/PFI6.jpeg 1023w\" sizes=\"auto, (max-width: 225px) 100vw, 225px\" \/><\/a> <a href=\"https:\/\/projectes.xtec.cat\/pfi\/wp-content\/uploads\/usu1781\/2022\/01\/PFI7.jpeg\"><img loading=\"lazy\" decoding=\"async\" class=\"alignnone wp-image-13358 size-medium\" src=\"https:\/\/projectes.xtec.cat\/pfi\/wp-content\/uploads\/usu1781\/2022\/01\/PFI7-225x300.jpeg\" alt=\"\" width=\"225\" height=\"300\" srcset=\"https:\/\/projectes.xtec.cat\/pfi\/wp-content\/uploads\/usu1781\/2022\/01\/PFI7-225x300.jpeg 225w, https:\/\/projectes.xtec.cat\/pfi\/wp-content\/uploads\/usu1781\/2022\/01\/PFI7-768x1024.jpeg 768w, https:\/\/projectes.xtec.cat\/pfi\/wp-content\/uploads\/usu1781\/2022\/01\/PFI7.jpeg 1023w\" sizes=\"auto, (max-width: 225px) 100vw, 225px\" \/><\/a><\/div>\n<\/div>\n<div><\/div>\n<div>#pfiCAT #impulsFP #SomFP<\/div>\n","protected":false},"excerpt":{"rendered":"<p>Els estudis de PFI de pintura engeguen un microprojecte col\u00b7laborant amb entitats de la nostra poblaci\u00f3, Santa Coloma de Farners.<br \/>\nEl primer dels microprojectes ha consistit en la\u00a0restauraci\u00f3\u00a0d&#8217;algunes de les joguines\u00a0del pati de la\u00a0Llar d&#8217;Infants Tabalet.\u00a0<br \/>\nHem dedicat tres sessions per la restauraci\u00f3, a cadascuna d&#8217;elles hem&hellip;  <a href=\"https:\/\/projectes.xtec.cat\/pfi\/general\/el-pfi-inicia-els-microprojectes-a-santa-coloma-de-farners\/\" title=\"Read El PFI inicia els microprojectes a Santa Coloma de Farners\">Llegeix m\u00e9s\u00bb<\/a><\/p>\n","protected":false},"author":177,"featured_media":13356,"comment_status":"open","ping_status":"closed","sticky":false,"template":"","format":"standard","meta":{"_bbp_topic_count":0,"_bbp_reply_count":0,"_bbp_total_topic_count":0,"_bbp_total_reply_count":0,"_bbp_voice_count":0,"_bbp_anonymous_reply_count":0,"_bbp_topic_count_hidden":0,"_bbp_reply_count_hidden":0,"_bbp_forum_subforum_count":0,"footnotes":""},"categories":[1,382,29],"tags":[],"class_list":["post-13354","post","type-post","status-publish","format-standard","has-post-thumbnail","hentry","category-general","category-microprojectes","category-portada"],"post_mailing_queue_ids":[],"_links":{"self":[{"href":"https:\/\/projectes.xtec.cat\/pfi\/wp-json\/wp\/v2\/posts\/13354","targetHints":{"allow":["GET"]}}],"collection":[{"href":"https:\/\/projectes.xtec.cat\/pfi\/wp-json\/wp\/v2\/posts"}],"about":[{"href":"https:\/\/projectes.xtec.cat\/pfi\/wp-json\/wp\/v2\/types\/post"}],"author":[{"embeddable":true,"href":"https:\/\/projectes.xtec.cat\/pfi\/wp-json\/wp\/v2\/users\/177"}],"replies":[{"embeddable":true,"href":"https:\/\/projectes.xtec.cat\/pfi\/wp-json\/wp\/v2\/comments?post=13354"}],"version-history":[{"count":3,"href":"https:\/\/projectes.xtec.cat\/pfi\/wp-json\/wp\/v2\/posts\/13354\/revisions"}],"predecessor-version":[{"id":13366,"href":"https:\/\/projectes.xtec.cat\/pfi\/wp-json\/wp\/v2\/posts\/13354\/revisions\/13366"}],"wp:featuredmedia":[{"embeddable":true,"href":"https:\/\/projectes.xtec.cat\/pfi\/wp-json\/wp\/v2\/media\/13356"}],"wp:attachment":[{"href":"https:\/\/projectes.xtec.cat\/pfi\/wp-json\/wp\/v2\/media?parent=13354"}],"wp:term":[{"taxonomy":"category","embeddable":true,"href":"https:\/\/projectes.xtec.cat\/pfi\/wp-json\/wp\/v2\/categories?post=13354"},{"taxonomy":"post_tag","embeddable":true,"href":"https:\/\/projectes.xtec.cat\/pfi\/wp-json\/wp\/v2\/tags?post=13354"}],"curies":[{"name":"wp","href":"https:\/\/api.w.org\/{rel}","templated":true}]}}