{"id":13367,"date":"2022-01-26T10:53:08","date_gmt":"2022-01-26T09:53:08","guid":{"rendered":"https:\/\/projectes.xtec.cat\/pfi\/?p=13367"},"modified":"2022-01-27T08:56:22","modified_gmt":"2022-01-27T07:56:22","slug":"programa-educac","status":"publish","type":"post","link":"https:\/\/projectes.xtec.cat\/pfi\/general\/programa-educac\/","title":{"rendered":"Programa eduCAC"},"content":{"rendered":"<p><a href=\"https:\/\/projectes.xtec.cat\/pfi\/wp-content\/uploads\/usu1781\/2022\/01\/2022-01-26_125129.png\"><img loading=\"lazy\" decoding=\"async\" class=\"aligncenter size-full wp-image-13370\" src=\"https:\/\/projectes.xtec.cat\/pfi\/wp-content\/uploads\/usu1781\/2022\/01\/2022-01-26_125129.png\" alt=\"\" width=\"624\" height=\"352\" srcset=\"https:\/\/projectes.xtec.cat\/pfi\/wp-content\/uploads\/usu1781\/2022\/01\/2022-01-26_125129.png 624w, https:\/\/projectes.xtec.cat\/pfi\/wp-content\/uploads\/usu1781\/2022\/01\/2022-01-26_125129-300x169.png 300w\" sizes=\"auto, (max-width: 624px) 100vw, 624px\" \/><\/a><\/p>\n<p style=\"font-weight: 400;\">Us presentem el programa eduCAC, el programa d\u2019educaci\u00f3 en comunicaci\u00f3 del Consell de l&#8217;Audiovisual de Catalunya (CAC). Es va estrenar oficialment en el darrer trimestre del 2018 i t\u00e9 per objectiu promoure l\u2019educaci\u00f3 en comunicaci\u00f3 en \u00e0mbits educatius formals i informals. Els seus eixos de treball s\u00f3n:<\/p>\n<p style=\"font-weight: 400;\">&#8211; Potenciar el coneixement del llenguatge audiovisual i impulsar bons h\u00e0bits entre infants i joves.<br \/>\n&#8211; Fomentar els coneixements i les habilitats de comprensi\u00f3 que ens permeten utilitzar els mitjans de forma segura i efica\u00e7.<\/p>\n<p style=\"font-weight: 400;\">A l&#8217;eduCAC trobareu materials i altres accions adre\u00e7ades a l&#8217;\u00e0mbit educatiu, que s\u00f3n promogudes des del Consell. En el marc del programa eduCAC, tamb\u00e9 es convoquen uns guardons\u00a0 amb l&#8217;objectiu de fomentar la compet\u00e8ncia en comunicaci\u00f3 audiovisual als centres escolars.<\/p>\n<p>Informa&#8217;t a:<\/p>\n<p><a href=\"https:\/\/projectes.xtec.cat\/pfi\/wp-content\/uploads\/usu1781\/2022\/01\/0_eduCAC_DOSSIER_presentacio_general_0122.pdf\">Dossier informatiu del programa eduCAC<\/a><\/p>\n<p style=\"font-weight: 400;\"><a href=\"https:\/\/www.educac.cat\/premis-educac\/xix-premis-educac\">Enlla\u00e7 al web Premis eduCAC<\/a><\/p>\n<p style=\"font-weight: 400;\"><a href=\"https:\/\/www.educac.cat\/sites\/default\/files\/2021-10\/Bases_DOGC.pdf\">Enlla\u00e7 a les bases dels Premis eduCAC<\/a><\/p>\n<p><a href=\"https:\/\/www.educac.cat\/sites\/default\/files\/2021-12\/SolCatA_formweb_0.pdf\">Enlla\u00e7 a la sol\u00b7licitud dels Premis eduCAC<\/a><\/p>\n<p><a href=\"https:\/\/web.gencat.cat\/ca\/tramits\/tramits-temes\/Peticio-generica\">Enlla\u00e7 sol\u00b7licitud telem\u00e0tica dels Premis eduCAC<\/a><\/p>\n<p><a href=\"https:\/\/www.educac.cat\/premis-educac\/preguntes-frequents\">Preguntes freq\u00fcents dels Premis EduCAC<\/a><\/p>\n<p><a href=\"https:\/\/projectes.xtec.cat\/pfi\/wp-content\/uploads\/usu1781\/2022\/01\/PremiseduCAC_cartell.png\"><img loading=\"lazy\" decoding=\"async\" class=\"aligncenter size-full wp-image-13368\" src=\"https:\/\/projectes.xtec.cat\/pfi\/wp-content\/uploads\/usu1781\/2022\/01\/PremiseduCAC_cartell.png\" alt=\"\" width=\"595\" height=\"842\" srcset=\"https:\/\/projectes.xtec.cat\/pfi\/wp-content\/uploads\/usu1781\/2022\/01\/PremiseduCAC_cartell.png 595w, https:\/\/projectes.xtec.cat\/pfi\/wp-content\/uploads\/usu1781\/2022\/01\/PremiseduCAC_cartell-212x300.png 212w\" sizes=\"auto, (max-width: 595px) 100vw, 595px\" \/><\/a><\/p>\n<p>#pfiCAT #impulsFP #SomFP<\/p>\n","protected":false},"excerpt":{"rendered":"<p><a href=\"https:\/\/projectes.xtec.cat\/pfi\/wp-content\/uploads\/usu1781\/2022\/01\/2022-01-26_125129.png\"><\/a><br \/>\nUs presentem el programa eduCAC, el programa d\u2019educaci\u00f3 en comunicaci\u00f3 del Consell de l&#8217;Audiovisual de Catalunya (CAC). Es va estrenar oficialment en el darrer trimestre del 2018 i t\u00e9 per objectiu promoure l\u2019educaci\u00f3 en comunicaci\u00f3 en \u00e0mbits educatius formals i informals. Els seus eixos&hellip;  <a href=\"https:\/\/projectes.xtec.cat\/pfi\/general\/programa-educac\/\" title=\"Read Programa eduCAC\">Llegeix m\u00e9s\u00bb<\/a><\/p>\n","protected":false},"author":1,"featured_media":13370,"comment_status":"open","ping_status":"closed","sticky":false,"template":"","format":"standard","meta":{"_bbp_topic_count":0,"_bbp_reply_count":0,"_bbp_total_topic_count":0,"_bbp_total_reply_count":0,"_bbp_voice_count":0,"_bbp_anonymous_reply_count":0,"_bbp_topic_count_hidden":0,"_bbp_reply_count_hidden":0,"_bbp_forum_subforum_count":0,"footnotes":""},"categories":[1,29],"tags":[],"class_list":["post-13367","post","type-post","status-publish","format-standard","has-post-thumbnail","hentry","category-general","category-portada"],"post_mailing_queue_ids":[],"_links":{"self":[{"href":"https:\/\/projectes.xtec.cat\/pfi\/wp-json\/wp\/v2\/posts\/13367","targetHints":{"allow":["GET"]}}],"collection":[{"href":"https:\/\/projectes.xtec.cat\/pfi\/wp-json\/wp\/v2\/posts"}],"about":[{"href":"https:\/\/projectes.xtec.cat\/pfi\/wp-json\/wp\/v2\/types\/post"}],"author":[{"embeddable":true,"href":"https:\/\/projectes.xtec.cat\/pfi\/wp-json\/wp\/v2\/users\/1"}],"replies":[{"embeddable":true,"href":"https:\/\/projectes.xtec.cat\/pfi\/wp-json\/wp\/v2\/comments?post=13367"}],"version-history":[{"count":2,"href":"https:\/\/projectes.xtec.cat\/pfi\/wp-json\/wp\/v2\/posts\/13367\/revisions"}],"predecessor-version":[{"id":13372,"href":"https:\/\/projectes.xtec.cat\/pfi\/wp-json\/wp\/v2\/posts\/13367\/revisions\/13372"}],"wp:featuredmedia":[{"embeddable":true,"href":"https:\/\/projectes.xtec.cat\/pfi\/wp-json\/wp\/v2\/media\/13370"}],"wp:attachment":[{"href":"https:\/\/projectes.xtec.cat\/pfi\/wp-json\/wp\/v2\/media?parent=13367"}],"wp:term":[{"taxonomy":"category","embeddable":true,"href":"https:\/\/projectes.xtec.cat\/pfi\/wp-json\/wp\/v2\/categories?post=13367"},{"taxonomy":"post_tag","embeddable":true,"href":"https:\/\/projectes.xtec.cat\/pfi\/wp-json\/wp\/v2\/tags?post=13367"}],"curies":[{"name":"wp","href":"https:\/\/api.w.org\/{rel}","templated":true}]}}