{"id":13410,"date":"2022-01-28T13:50:13","date_gmt":"2022-01-28T12:50:13","guid":{"rendered":"https:\/\/projectes.xtec.cat\/pfi\/?p=13410"},"modified":"2022-01-28T11:51:18","modified_gmt":"2022-01-28T10:51:18","slug":"el-pfi-de-pintura-de-blanes-pessebreja-un-any-mes","status":"publish","type":"post","link":"https:\/\/projectes.xtec.cat\/pfi\/general\/el-pfi-de-pintura-de-blanes-pessebreja-un-any-mes\/","title":{"rendered":"El PFI de pintura de Blanes &#8220;pessebreja&#8221; un any m\u00e9s"},"content":{"rendered":"<p>Enguany i per novena vegada consecutiva, els alumnes del PFI-FIAP de pintura de l\u2019Institut Serrallarga de Blanes s\u2019han dedicat amb cos i \u00e0nima al 24\u00e8 Pessebre Monumental de Blanes.<\/p>\n<p>Cada any el Pessebre versa sobre un tema diferent. No hi podia faltar la tradici\u00f3 ancestral de Blanes de cultiu de la vinya que al segle XIX va tenir molt d\u2019auge, quan \u201c<em>Blanes feia olor de vi\u201d.<\/em><\/p>\n<p>El microprojecte PFI no hauria estat possible sense la col\u00b7laboraci\u00f3 i coordinaci\u00f3 amb l\u2019Ajuntament, l\u2019Agrupaci\u00f3 Pessebrista de Blanes i els alumnes de M\u00e0rqueting i Publicitat del mateix Institut Serrallarga que documenten la tem\u00e0tica.<\/p>\n<p>Els alumnes del PFI han pogut mostrar la seva professionalitat i domini de diferents t\u00e8cniques que havien anat treballant des de l\u2019inici de curs, no nom\u00e9s de pintura sin\u00f3 tamb\u00e9 de fusta. S\u2019ha reprodu\u00eft una t\u00edpica masia catalana amb els estris necessaris per l\u2019elaboraci\u00f3 de vi (semals, premsadores&#8230;).<\/p>\n<p>Els estudiants han rebut el reconeixement p\u00fablic tant de les institucions com dels ciutadans. El dia de la inauguraci\u00f3, el Director de l\u2019Institut Serrallarga, Rub\u00e9n Fern\u00e1ndez, va rebre de mans de l\u2019Alcalde de Blanes, un obsequi en reconeixement de la tasca realitzada pels alumnes.<\/p>\n\n\t\t<style type=\"text\/css\">\n\t\t\t#gallery-1 {\n\t\t\t\tmargin: auto;\n\t\t\t}\n\t\t\t#gallery-1 .gallery-item {\n\t\t\t\tfloat: left;\n\t\t\t\tmargin-top: 10px;\n\t\t\t\ttext-align: center;\n\t\t\t\twidth: 33%;\n\t\t\t}\n\t\t\t#gallery-1 img {\n\t\t\t\tborder: 2px solid #cfcfcf;\n\t\t\t}\n\t\t\t#gallery-1 .gallery-caption {\n\t\t\t\tmargin-left: 0;\n\t\t\t}\n\t\t\t\/* see gallery_shortcode() in wp-includes\/media.php *\/\n\t\t<\/style>\n\t\t<div id='gallery-1' class='gallery galleryid-13410 gallery-columns-3 gallery-size-thumbnail'><dl class='gallery-item'>\n\t\t\t<dt class='gallery-icon landscape'>\n\t\t\t\t<a href='https:\/\/projectes.xtec.cat\/pfi\/general\/el-pfi-de-pintura-de-blanes-pessebreja-un-any-mes\/attachment\/2-6\/'><img loading=\"lazy\" decoding=\"async\" width=\"150\" height=\"150\" src=\"https:\/\/projectes.xtec.cat\/pfi\/wp-content\/uploads\/usu1781\/2022\/01\/2-150x150.jpg\" class=\"attachment-thumbnail size-thumbnail\" alt=\"\" aria-describedby=\"gallery-1-13412\" \/><\/a>\n\t\t\t<\/dt>\n\t\t\t\t<dd class='wp-caption-text gallery-caption' id='gallery-1-13412'>\n\t\t\t\tReproducci\u00f3 casa pairal\n\t\t\t\t<\/dd><\/dl><dl class='gallery-item'>\n\t\t\t<dt class='gallery-icon landscape'>\n\t\t\t\t<a href='https:\/\/projectes.xtec.cat\/pfi\/general\/el-pfi-de-pintura-de-blanes-pessebreja-un-any-mes\/attachment\/6-3\/'><img loading=\"lazy\" decoding=\"async\" width=\"150\" height=\"150\" src=\"https:\/\/projectes.xtec.cat\/pfi\/wp-content\/uploads\/usu1781\/2022\/01\/6-150x150.jpg\" class=\"attachment-thumbnail size-thumbnail\" alt=\"Treballs de muntatge\" aria-describedby=\"gallery-1-13413\" \/><\/a>\n\t\t\t<\/dt>\n\t\t\t\t<dd class='wp-caption-text gallery-caption' id='gallery-1-13413'>\n\t\t\t\tTreballs de muntatge\n\t\t\t\t<\/dd><\/dl>\n\t\t\t<br style='clear: both' \/>\n\t\t<\/div>\n\n\n\t\t<style type=\"text\/css\">\n\t\t\t#gallery-2 {\n\t\t\t\tmargin: auto;\n\t\t\t}\n\t\t\t#gallery-2 .gallery-item {\n\t\t\t\tfloat: left;\n\t\t\t\tmargin-top: 10px;\n\t\t\t\ttext-align: center;\n\t\t\t\twidth: 33%;\n\t\t\t}\n\t\t\t#gallery-2 img {\n\t\t\t\tborder: 2px solid #cfcfcf;\n\t\t\t}\n\t\t\t#gallery-2 .gallery-caption {\n\t\t\t\tmargin-left: 0;\n\t\t\t}\n\t\t\t\/* see gallery_shortcode() in wp-includes\/media.php *\/\n\t\t<\/style>\n\t\t<div id='gallery-2' class='gallery galleryid-13410 gallery-columns-3 gallery-size-thumbnail'><dl class='gallery-item'>\n\t\t\t<dt class='gallery-icon landscape'>\n\t\t\t\t<a href='https:\/\/projectes.xtec.cat\/pfi\/general\/el-pfi-de-pintura-de-blanes-pessebreja-un-any-mes\/attachment\/7-3\/'><img loading=\"lazy\" decoding=\"async\" width=\"150\" height=\"150\" src=\"https:\/\/projectes.xtec.cat\/pfi\/wp-content\/uploads\/usu1781\/2022\/01\/7-150x150.jpg\" class=\"attachment-thumbnail size-thumbnail\" alt=\"\" aria-describedby=\"gallery-2-13414\" \/><\/a>\n\t\t\t<\/dt>\n\t\t\t\t<dd class='wp-caption-text gallery-caption' id='gallery-2-13414'>\n\t\t\t\tAlumnes PFI pintura\n\t\t\t\t<\/dd><\/dl>\n\t\t\t<br style='clear: both' \/>\n\t\t<\/div>\n\n","protected":false},"excerpt":{"rendered":"<p>Enguany i per novena vegada consecutiva, els alumnes del PFI-FIAP de pintura de l\u2019Institut Serrallarga de Blanes s\u2019han dedicat amb cos i \u00e0nima al 24\u00e8 Pessebre Monumental de Blanes.<br \/>\nCada any el Pessebre versa sobre un tema diferent. No hi podia faltar la tradici\u00f3 ancestral de&hellip;  <a href=\"https:\/\/projectes.xtec.cat\/pfi\/general\/el-pfi-de-pintura-de-blanes-pessebreja-un-any-mes\/\" title=\"Read El PFI de pintura de Blanes &#8220;pessebreja&#8221; un any m\u00e9s\">Llegeix m\u00e9s\u00bb<\/a><\/p>\n","protected":false},"author":206,"featured_media":0,"comment_status":"open","ping_status":"closed","sticky":false,"template":"","format":"standard","meta":{"_bbp_topic_count":0,"_bbp_reply_count":0,"_bbp_total_topic_count":0,"_bbp_total_reply_count":0,"_bbp_voice_count":0,"_bbp_anonymous_reply_count":0,"_bbp_topic_count_hidden":0,"_bbp_reply_count_hidden":0,"_bbp_forum_subforum_count":0,"footnotes":""},"categories":[1,382,29],"tags":[319,501,289,348,346,302],"class_list":["post-13410","post","type-post","status-publish","format-standard","hentry","category-general","category-microprojectes","category-portada","tag-activitat","tag-microprojecte","tag-alumnes-pfi","tag-compartir","tag-experiencies","tag-projecte"],"post_mailing_queue_ids":[],"_links":{"self":[{"href":"https:\/\/projectes.xtec.cat\/pfi\/wp-json\/wp\/v2\/posts\/13410","targetHints":{"allow":["GET"]}}],"collection":[{"href":"https:\/\/projectes.xtec.cat\/pfi\/wp-json\/wp\/v2\/posts"}],"about":[{"href":"https:\/\/projectes.xtec.cat\/pfi\/wp-json\/wp\/v2\/types\/post"}],"author":[{"embeddable":true,"href":"https:\/\/projectes.xtec.cat\/pfi\/wp-json\/wp\/v2\/users\/206"}],"replies":[{"embeddable":true,"href":"https:\/\/projectes.xtec.cat\/pfi\/wp-json\/wp\/v2\/comments?post=13410"}],"version-history":[{"count":2,"href":"https:\/\/projectes.xtec.cat\/pfi\/wp-json\/wp\/v2\/posts\/13410\/revisions"}],"predecessor-version":[{"id":13444,"href":"https:\/\/projectes.xtec.cat\/pfi\/wp-json\/wp\/v2\/posts\/13410\/revisions\/13444"}],"wp:attachment":[{"href":"https:\/\/projectes.xtec.cat\/pfi\/wp-json\/wp\/v2\/media?parent=13410"}],"wp:term":[{"taxonomy":"category","embeddable":true,"href":"https:\/\/projectes.xtec.cat\/pfi\/wp-json\/wp\/v2\/categories?post=13410"},{"taxonomy":"post_tag","embeddable":true,"href":"https:\/\/projectes.xtec.cat\/pfi\/wp-json\/wp\/v2\/tags?post=13410"}],"curies":[{"name":"wp","href":"https:\/\/api.w.org\/{rel}","templated":true}]}}