{"id":13416,"date":"2022-01-28T12:03:20","date_gmt":"2022-01-28T11:03:20","guid":{"rendered":"https:\/\/projectes.xtec.cat\/pfi\/?p=13416"},"modified":"2022-01-28T12:04:44","modified_gmt":"2022-01-28T11:04:44","slug":"microprojecte-de-linstitut-serrallarga-pfi-fiap-pintura-pessebre-blanes-2021","status":"publish","type":"post","link":"https:\/\/projectes.xtec.cat\/pfi\/general\/microprojecte-de-linstitut-serrallarga-pfi-fiap-pintura-pessebre-blanes-2021\/","title":{"rendered":"Microprojecte de l&#8217;Institut Serrallarga PFI FIAP Pintura &#8211; Pessebre Blanes 2021"},"content":{"rendered":"<p>En primer terme es pret\u00e9n la col\u00b7laboraci\u00f3 dels alumnes del PFI amb el seu municipi. Cada any el pessebre gira al voltant d\u2019un tema diferent, sempre relacionat amb la hist\u00f2ria o el dia a dia del municipi. El tema el treballen els alumnes de Cicles Formatius de Comer\u00e7 i M\u00e0rqueting del mateix Institut Serrallarga. D\u2019aqu\u00ed que obtenim un altre objectiu: la interactuaci\u00f3 i col\u00b7laboraci\u00f3 amb alumnes de Cicles Formatius.<\/p>\n<p>Inicialment, la idea la treballen els alumnes de Cicles que comencen el seu treball d\u2019investigaci\u00f3 i preparaci\u00f3 un any abans. A inici de curs, els alumnes PFI tenen contacte i coneixement del que els proposen els alumnes de Cicles d\u2019acord amb l\u2019Ajuntament. Els artistes i ajudants de l\u2019Ajuntament tamb\u00e9 es coordinen i aporten materials. Aquesta tasca inicial de coordinaci\u00f3 per un objectiu en com\u00fa on els alumnes PFI poden participar-hi, els engresca i motiva.<\/p>\n<p>A partir de la idea inicial, el alumnes PFI comencen a treballar al taller on practiquen les operacions b\u00e0siques del curs d\u2019auxiliar de pintura. Arriba el moment del muntatge i cal anar al lloc on l\u2019Ajuntament ha previst la ubicaci\u00f3 del pessebre que sempre \u00e9s c\u00e8ntrica i amb una carpa per l\u2019ocasi\u00f3. El projecte es perfecte perqu\u00e8 els alumnes l\u2019executen a final de trimestre de manera que poden mostrar a la pr\u00e0ctica el que han anat aprenent des de l\u2019inici de curs.<\/p>\n<p>Aquestes tasques motiven els alumnes a treballar i a tenir un primer contacte amb el que seria un enc\u00e0rrec professional. A nivell social tamb\u00e9 t\u00e9 repercussi\u00f3 at\u00e8s que en la inauguraci\u00f3 del pessebre l\u2019alcalde sempre convida a l\u2019Equip Directiu de l\u2019Institut i als monitors que han treballat en el projecte. Durant les festes de Nadal, els alumnes poden visitar amb amics i fam\u00edlia la seva obra de manera que veuen projectada la seva tasca dins la societat fet que sempre els refor\u00e7a individualment i com a grup.<\/p>\n<p>El projecte es concep com a transversal, pel que es treballen:<\/p>\n<p>1.- M\u00f2duls generals:<\/p>\n<ul>\n<li>Comunicaci\u00f3 oral i escrita (treball en grup, comunicaci\u00f3 oral, comunicaci\u00f3 escrita, gui\u00f3, tipus de text&#8230;)<\/li>\n<li>TIC (Realitzaci\u00f3 de fotografies i v\u00eddeos de seguiment. Edici\u00f3 de v\u00eddeo. Presentaci\u00f3 PPT&#8230;)<\/li>\n<li>Tutoria (Reconeixement i acceptaci\u00f3 pr\u00f2pies i dels altres, treball en equip, coordinaci\u00f3, desenvolupament de mecanismes d\u2019autoregulaci\u00f3, comunicaci\u00f3 assertiva, reconeixement de l\u2019esfor\u00e7 personal aprenent dels \u00e8xits finals i dels errors en el proc\u00e9s, autoestima, socialitzaci\u00f3&#8230;).<\/li>\n<\/ul>\n<p>2.- M\u00f2duls pr\u00e0ctics<\/p>\n<ul>\n<li>Operacions b\u00e0siques d\u2019imprimaci\u00f3.<\/li>\n<li>Muntatges<\/li>\n<li>Decoracions<\/li>\n<li>Riscos laborals<\/li>\n<\/ul>\n<table style=\"border-collapse: collapse; width: 100%;\">\n<tbody>\n<tr>\n<td style=\"width: 50%;\"><a href=\"https:\/\/projectes.xtec.cat\/pfi\/wp-content\/uploads\/usu1781\/2022\/01\/1643354913803-1.jpg\"><img loading=\"lazy\" decoding=\"async\" class=\"wp-image-13421 alignleft\" src=\"https:\/\/projectes.xtec.cat\/pfi\/wp-content\/uploads\/usu1781\/2022\/01\/1643354913803-1-1024x768.jpg\" alt=\"\" width=\"331\" height=\"248\" srcset=\"https:\/\/projectes.xtec.cat\/pfi\/wp-content\/uploads\/usu1781\/2022\/01\/1643354913803-1-1024x768.jpg 1024w, https:\/\/projectes.xtec.cat\/pfi\/wp-content\/uploads\/usu1781\/2022\/01\/1643354913803-1-300x225.jpg 300w, https:\/\/projectes.xtec.cat\/pfi\/wp-content\/uploads\/usu1781\/2022\/01\/1643354913803-1-768x576.jpg 768w, https:\/\/projectes.xtec.cat\/pfi\/wp-content\/uploads\/usu1781\/2022\/01\/1643354913803-1-1536x1152.jpg 1536w, https:\/\/projectes.xtec.cat\/pfi\/wp-content\/uploads\/usu1781\/2022\/01\/1643354913803-1-200x150.jpg 200w, https:\/\/projectes.xtec.cat\/pfi\/wp-content\/uploads\/usu1781\/2022\/01\/1643354913803-1.jpg 2048w\" sizes=\"auto, (max-width: 331px) 100vw, 331px\" \/><\/a><\/td>\n<td style=\"width: 50%;\"><img loading=\"lazy\" decoding=\"async\" class=\"wp-image-13423 alignleft\" src=\"https:\/\/projectes.xtec.cat\/pfi\/wp-content\/uploads\/usu1781\/2022\/01\/2-1-1024x766.jpg\" alt=\"\" width=\"334\" height=\"250\" srcset=\"https:\/\/projectes.xtec.cat\/pfi\/wp-content\/uploads\/usu1781\/2022\/01\/2-1-1024x766.jpg 1024w, https:\/\/projectes.xtec.cat\/pfi\/wp-content\/uploads\/usu1781\/2022\/01\/2-1-300x224.jpg 300w, https:\/\/projectes.xtec.cat\/pfi\/wp-content\/uploads\/usu1781\/2022\/01\/2-1-768x574.jpg 768w, https:\/\/projectes.xtec.cat\/pfi\/wp-content\/uploads\/usu1781\/2022\/01\/2-1-1536x1149.jpg 1536w, https:\/\/projectes.xtec.cat\/pfi\/wp-content\/uploads\/usu1781\/2022\/01\/2-1-2048x1532.jpg 2048w, https:\/\/projectes.xtec.cat\/pfi\/wp-content\/uploads\/usu1781\/2022\/01\/2-1-200x150.jpg 200w\" sizes=\"auto, (max-width: 334px) 100vw, 334px\" \/><\/td>\n<\/tr>\n<tr>\n<td style=\"width: 50%;\"><span style=\"color: #2795b6;\"><span style=\"font-size: 16px;\"><a style=\"color: #2795b6; font-size: 16px;\" href=\"https:\/\/projectes.xtec.cat\/pfi\/wp-content\/uploads\/usu1781\/2022\/01\/1-scaled.jpg\"><img loading=\"lazy\" decoding=\"async\" class=\"wp-image-13425 alignleft\" src=\"https:\/\/projectes.xtec.cat\/pfi\/wp-content\/uploads\/usu1781\/2022\/01\/1-1024x766.jpg\" alt=\"\" width=\"339\" height=\"254\" srcset=\"https:\/\/projectes.xtec.cat\/pfi\/wp-content\/uploads\/usu1781\/2022\/01\/1-1024x766.jpg 1024w, https:\/\/projectes.xtec.cat\/pfi\/wp-content\/uploads\/usu1781\/2022\/01\/1-300x224.jpg 300w, https:\/\/projectes.xtec.cat\/pfi\/wp-content\/uploads\/usu1781\/2022\/01\/1-768x574.jpg 768w, https:\/\/projectes.xtec.cat\/pfi\/wp-content\/uploads\/usu1781\/2022\/01\/1-1536x1149.jpg 1536w, https:\/\/projectes.xtec.cat\/pfi\/wp-content\/uploads\/usu1781\/2022\/01\/1-2048x1532.jpg 2048w, https:\/\/projectes.xtec.cat\/pfi\/wp-content\/uploads\/usu1781\/2022\/01\/1-200x150.jpg 200w\" sizes=\"auto, (max-width: 339px) 100vw, 339px\" \/><\/a><\/span><\/span><\/p>\n<p>&nbsp;<\/td>\n<td style=\"width: 50%;\"><a href=\"https:\/\/projectes.xtec.cat\/pfi\/wp-content\/uploads\/usu1781\/2022\/01\/3-scaled.jpg\"><img loading=\"lazy\" decoding=\"async\" class=\"wp-image-13424 alignnone\" src=\"https:\/\/projectes.xtec.cat\/pfi\/wp-content\/uploads\/usu1781\/2022\/01\/3-1024x766.jpg\" alt=\"\" width=\"333\" height=\"249\" srcset=\"https:\/\/projectes.xtec.cat\/pfi\/wp-content\/uploads\/usu1781\/2022\/01\/3-1024x766.jpg 1024w, https:\/\/projectes.xtec.cat\/pfi\/wp-content\/uploads\/usu1781\/2022\/01\/3-300x224.jpg 300w, https:\/\/projectes.xtec.cat\/pfi\/wp-content\/uploads\/usu1781\/2022\/01\/3-768x574.jpg 768w, https:\/\/projectes.xtec.cat\/pfi\/wp-content\/uploads\/usu1781\/2022\/01\/3-1536x1149.jpg 1536w, https:\/\/projectes.xtec.cat\/pfi\/wp-content\/uploads\/usu1781\/2022\/01\/3-2048x1532.jpg 2048w, https:\/\/projectes.xtec.cat\/pfi\/wp-content\/uploads\/usu1781\/2022\/01\/3-200x150.jpg 200w\" sizes=\"auto, (max-width: 333px) 100vw, 333px\" \/><\/a><\/td>\n<\/tr>\n<\/tbody>\n<\/table>\n<p>#pfiCAT #impulsFP #SomFP<\/p>\n","protected":false},"excerpt":{"rendered":"<p>En primer terme es pret\u00e9n la col\u00b7laboraci\u00f3 dels alumnes del PFI amb el seu municipi. Cada any el pessebre gira al voltant d\u2019un tema diferent, sempre relacionat amb la hist\u00f2ria o el dia a dia del municipi. El tema el treballen els alumnes de Cicles&hellip;  <a href=\"https:\/\/projectes.xtec.cat\/pfi\/general\/microprojecte-de-linstitut-serrallarga-pfi-fiap-pintura-pessebre-blanes-2021\/\" title=\"Read Microprojecte de l&#8217;Institut Serrallarga PFI FIAP Pintura &#8211; Pessebre Blanes 2021\">Llegeix m\u00e9s\u00bb<\/a><\/p>\n","protected":false},"author":207,"featured_media":13421,"comment_status":"open","ping_status":"closed","sticky":false,"template":"","format":"standard","meta":{"_bbp_topic_count":0,"_bbp_reply_count":0,"_bbp_total_topic_count":0,"_bbp_total_reply_count":0,"_bbp_voice_count":0,"_bbp_anonymous_reply_count":0,"_bbp_topic_count_hidden":0,"_bbp_reply_count_hidden":0,"_bbp_forum_subforum_count":0,"footnotes":""},"categories":[1,382,29],"tags":[460,463,364],"class_list":["post-13416","post","type-post","status-publish","format-standard","has-post-thumbnail","hentry","category-general","category-microprojectes","category-portada","tag-alumnespfi","tag-microprojectes","tag-projectes"],"post_mailing_queue_ids":[],"_links":{"self":[{"href":"https:\/\/projectes.xtec.cat\/pfi\/wp-json\/wp\/v2\/posts\/13416","targetHints":{"allow":["GET"]}}],"collection":[{"href":"https:\/\/projectes.xtec.cat\/pfi\/wp-json\/wp\/v2\/posts"}],"about":[{"href":"https:\/\/projectes.xtec.cat\/pfi\/wp-json\/wp\/v2\/types\/post"}],"author":[{"embeddable":true,"href":"https:\/\/projectes.xtec.cat\/pfi\/wp-json\/wp\/v2\/users\/207"}],"replies":[{"embeddable":true,"href":"https:\/\/projectes.xtec.cat\/pfi\/wp-json\/wp\/v2\/comments?post=13416"}],"version-history":[{"count":3,"href":"https:\/\/projectes.xtec.cat\/pfi\/wp-json\/wp\/v2\/posts\/13416\/revisions"}],"predecessor-version":[{"id":13446,"href":"https:\/\/projectes.xtec.cat\/pfi\/wp-json\/wp\/v2\/posts\/13416\/revisions\/13446"}],"wp:featuredmedia":[{"embeddable":true,"href":"https:\/\/projectes.xtec.cat\/pfi\/wp-json\/wp\/v2\/media\/13421"}],"wp:attachment":[{"href":"https:\/\/projectes.xtec.cat\/pfi\/wp-json\/wp\/v2\/media?parent=13416"}],"wp:term":[{"taxonomy":"category","embeddable":true,"href":"https:\/\/projectes.xtec.cat\/pfi\/wp-json\/wp\/v2\/categories?post=13416"},{"taxonomy":"post_tag","embeddable":true,"href":"https:\/\/projectes.xtec.cat\/pfi\/wp-json\/wp\/v2\/tags?post=13416"}],"curies":[{"name":"wp","href":"https:\/\/api.w.org\/{rel}","templated":true}]}}