{"id":13509,"date":"2022-02-04T11:15:28","date_gmt":"2022-02-04T10:15:28","guid":{"rendered":"https:\/\/projectes.xtec.cat\/pfi\/?p=13509"},"modified":"2022-02-04T11:18:06","modified_gmt":"2022-02-04T10:18:06","slug":"setmana-de-la-dona-i-la-nena-en-la-ciencia-2022","status":"publish","type":"post","link":"https:\/\/projectes.xtec.cat\/pfi\/general\/setmana-de-la-dona-i-la-nena-en-la-ciencia-2022\/","title":{"rendered":"Setmana de la Dona i la Nena en la Ci\u00e8ncia 2022"},"content":{"rendered":"<p>Us informem que la setmana vinent (del 7 al 12 de febrer de 2022) tindran lloc un seguit d&#8217;activitats per reivindicar el Dia Internacional de les Dones i les Nenes en la Ci\u00e8ncia a fi de contribuir a la igualtat en professions dels \u00e0mbits cient\u00edfic i tecnol\u00f2gic.<\/p>\n<div>\n<p>Al llarg d\u2019aquests dies es faran taules rodones, confer\u00e8ncies i tallers per a escolars per reivindicar la pres\u00e8ncia femenina en els \u00e0mbits cient\u00edfic i tecnol\u00f2gic.<\/p>\n<p>Aqu\u00ed en trobareu el <a title=\"https:\/\/web.girona.cat\/promocio\/setmanadonaciencia\/2022\" href=\"https:\/\/web.girona.cat\/promocio\/setmanadonaciencia\/2022\" target=\"_blank\" rel=\"noopener\" data-saferedirecturl=\"https:\/\/www.google.com\/url?q=https:\/\/web.girona.cat\/promocio\/setmanadonaciencia\/2022&amp;source=gmail&amp;ust=1644053610910000&amp;usg=AOvVaw27H1ab6jQATwwD1kvTddeb\"> programa<\/a>.<\/p>\n<p>#pfiCAT #impulsFP #SomFP<\/p>\n<p>&nbsp;<\/p>\n<\/div>\n","protected":false},"excerpt":{"rendered":"<p>Us informem que la setmana vinent (del 7 al 12 de febrer de 2022) tindran lloc un seguit d&#8217;activitats per reivindicar el Dia Internacional de les Dones i les Nenes en la Ci\u00e8ncia a fi de contribuir a la igualtat en professions dels \u00e0mbits cient\u00edfic&hellip;  <a href=\"https:\/\/projectes.xtec.cat\/pfi\/general\/setmana-de-la-dona-i-la-nena-en-la-ciencia-2022\/\" title=\"Read Setmana de la Dona i la Nena en la Ci\u00e8ncia 2022\">Llegeix m\u00e9s\u00bb<\/a><\/p>\n","protected":false},"author":1,"featured_media":13510,"comment_status":"open","ping_status":"closed","sticky":false,"template":"","format":"standard","meta":{"_bbp_topic_count":0,"_bbp_reply_count":0,"_bbp_total_topic_count":0,"_bbp_total_reply_count":0,"_bbp_voice_count":0,"_bbp_anonymous_reply_count":0,"_bbp_topic_count_hidden":0,"_bbp_reply_count_hidden":0,"_bbp_forum_subforum_count":0,"footnotes":""},"categories":[380,1,29],"tags":[],"class_list":["post-13509","post","type-post","status-publish","format-standard","has-post-thumbnail","hentry","category-coed-i-igualtat","category-general","category-portada"],"post_mailing_queue_ids":[],"_links":{"self":[{"href":"https:\/\/projectes.xtec.cat\/pfi\/wp-json\/wp\/v2\/posts\/13509","targetHints":{"allow":["GET"]}}],"collection":[{"href":"https:\/\/projectes.xtec.cat\/pfi\/wp-json\/wp\/v2\/posts"}],"about":[{"href":"https:\/\/projectes.xtec.cat\/pfi\/wp-json\/wp\/v2\/types\/post"}],"author":[{"embeddable":true,"href":"https:\/\/projectes.xtec.cat\/pfi\/wp-json\/wp\/v2\/users\/1"}],"replies":[{"embeddable":true,"href":"https:\/\/projectes.xtec.cat\/pfi\/wp-json\/wp\/v2\/comments?post=13509"}],"version-history":[{"count":2,"href":"https:\/\/projectes.xtec.cat\/pfi\/wp-json\/wp\/v2\/posts\/13509\/revisions"}],"predecessor-version":[{"id":13512,"href":"https:\/\/projectes.xtec.cat\/pfi\/wp-json\/wp\/v2\/posts\/13509\/revisions\/13512"}],"wp:featuredmedia":[{"embeddable":true,"href":"https:\/\/projectes.xtec.cat\/pfi\/wp-json\/wp\/v2\/media\/13510"}],"wp:attachment":[{"href":"https:\/\/projectes.xtec.cat\/pfi\/wp-json\/wp\/v2\/media?parent=13509"}],"wp:term":[{"taxonomy":"category","embeddable":true,"href":"https:\/\/projectes.xtec.cat\/pfi\/wp-json\/wp\/v2\/categories?post=13509"},{"taxonomy":"post_tag","embeddable":true,"href":"https:\/\/projectes.xtec.cat\/pfi\/wp-json\/wp\/v2\/tags?post=13509"}],"curies":[{"name":"wp","href":"https:\/\/api.w.org\/{rel}","templated":true}]}}