{"id":13536,"date":"2022-02-07T14:35:25","date_gmt":"2022-02-07T13:35:25","guid":{"rendered":"https:\/\/projectes.xtec.cat\/pfi\/?p=13536"},"modified":"2022-02-07T16:10:43","modified_gmt":"2022-02-07T15:10:43","slug":"setmana-de-la-dona-i-la-nena-en-la-ciencia-2022-tambe-calen-dones-a-les-facultats-de-ciencies-i-tecnologia","status":"publish","type":"post","link":"https:\/\/projectes.xtec.cat\/pfi\/general\/setmana-de-la-dona-i-la-nena-en-la-ciencia-2022-tambe-calen-dones-a-les-facultats-de-ciencies-i-tecnologia\/","title":{"rendered":"Tamb\u00e9 calen dones a les facultats de ci\u00e8ncies i tecnologia!"},"content":{"rendered":"<p>Setmana de la Dona i la Nena en la Ci\u00e8ncia 2022: TAMB\u00c9 CALEN DONES A LES FACULTATS DE CI\u00c8NCIES I TECNOLOGIA!<\/p>\n<p>Aquesta setmana, al programa de r\u00e0dio\u00a0<a href=\"https:\/\/www.rtpa.es\/rpa-programa:Asturias%20al%20d%C3%ADa_1460738560.html\" target=\"_blank\" rel=\"noopener\" data-saferedirecturl=\"https:\/\/www.google.com\/url?q=https:\/\/www.rtpa.es\/rpa-programa:Asturias%2520al%2520d%25C3%25ADa_1460738560.html&amp;source=gmail&amp;ust=1644326882297000&amp;usg=AOvVaw1gTIK5XAJ96HiyFmK5Eriv\">Ast\u00faries al dia<\/a>\u00a0conversaran sobre passarel\u00b7les FP-Universitat i Universitat-FP amb tres dones que treballen en ci\u00e8ncia i tecnologia.\u00a0 En uns casos han fet el salt d&#8217;FP a la universitat i en d&#8217;altres han recorregut el cam\u00ed contrari.<\/p>\n<p>#pfiCAT #impulsFP #SomFP<\/p>\n","protected":false},"excerpt":{"rendered":"<p>Setmana de la Dona i la Nena en la Ci\u00e8ncia 2022: TAMB\u00c9 CALEN DONES A LES FACULTATS DE CI\u00c8NCIES I TECNOLOGIA!<br \/>\nAquesta setmana, al programa de r\u00e0dio\u00a0<a href=\"https:\/\/www.rtpa.es\/rpa-programa:Asturias%20al%20d%C3%ADa_1460738560.html\" target=\"_blank\" rel=\"noopener\" data-saferedirecturl=\"https:\/\/www.google.com\/url?q=https:\/\/www.rtpa.es\/rpa-programa:Asturias%2520al%2520d%25C3%25ADa_1460738560.html&amp;source=gmail&amp;ust=1644326882297000&amp;usg=AOvVaw1gTIK5XAJ96HiyFmK5Eriv\">Ast\u00faries al dia<\/a>\u00a0conversaran sobre passarel\u00b7les FP-Universitat i Universitat-FP amb tres dones que treballen en ci\u00e8ncia i&hellip;  <a href=\"https:\/\/projectes.xtec.cat\/pfi\/general\/setmana-de-la-dona-i-la-nena-en-la-ciencia-2022-tambe-calen-dones-a-les-facultats-de-ciencies-i-tecnologia\/\" title=\"Read Tamb\u00e9 calen dones a les facultats de ci\u00e8ncies i tecnologia!\">Llegeix m\u00e9s\u00bb<\/a><\/p>\n","protected":false},"author":1,"featured_media":13510,"comment_status":"open","ping_status":"closed","sticky":false,"template":"","format":"standard","meta":{"_bbp_topic_count":0,"_bbp_reply_count":0,"_bbp_total_topic_count":0,"_bbp_total_reply_count":0,"_bbp_voice_count":0,"_bbp_anonymous_reply_count":0,"_bbp_topic_count_hidden":0,"_bbp_reply_count_hidden":0,"_bbp_forum_subforum_count":0,"footnotes":""},"categories":[380,1,29],"tags":[],"class_list":["post-13536","post","type-post","status-publish","format-standard","has-post-thumbnail","hentry","category-coed-i-igualtat","category-general","category-portada"],"post_mailing_queue_ids":[],"_links":{"self":[{"href":"https:\/\/projectes.xtec.cat\/pfi\/wp-json\/wp\/v2\/posts\/13536","targetHints":{"allow":["GET"]}}],"collection":[{"href":"https:\/\/projectes.xtec.cat\/pfi\/wp-json\/wp\/v2\/posts"}],"about":[{"href":"https:\/\/projectes.xtec.cat\/pfi\/wp-json\/wp\/v2\/types\/post"}],"author":[{"embeddable":true,"href":"https:\/\/projectes.xtec.cat\/pfi\/wp-json\/wp\/v2\/users\/1"}],"replies":[{"embeddable":true,"href":"https:\/\/projectes.xtec.cat\/pfi\/wp-json\/wp\/v2\/comments?post=13536"}],"version-history":[{"count":3,"href":"https:\/\/projectes.xtec.cat\/pfi\/wp-json\/wp\/v2\/posts\/13536\/revisions"}],"predecessor-version":[{"id":13539,"href":"https:\/\/projectes.xtec.cat\/pfi\/wp-json\/wp\/v2\/posts\/13536\/revisions\/13539"}],"wp:featuredmedia":[{"embeddable":true,"href":"https:\/\/projectes.xtec.cat\/pfi\/wp-json\/wp\/v2\/media\/13510"}],"wp:attachment":[{"href":"https:\/\/projectes.xtec.cat\/pfi\/wp-json\/wp\/v2\/media?parent=13536"}],"wp:term":[{"taxonomy":"category","embeddable":true,"href":"https:\/\/projectes.xtec.cat\/pfi\/wp-json\/wp\/v2\/categories?post=13536"},{"taxonomy":"post_tag","embeddable":true,"href":"https:\/\/projectes.xtec.cat\/pfi\/wp-json\/wp\/v2\/tags?post=13536"}],"curies":[{"name":"wp","href":"https:\/\/api.w.org\/{rel}","templated":true}]}}