{"id":13563,"date":"2022-02-15T13:10:47","date_gmt":"2022-02-15T12:10:47","guid":{"rendered":"https:\/\/projectes.xtec.cat\/pfi\/?p=13563"},"modified":"2022-02-14T13:13:01","modified_gmt":"2022-02-14T12:13:01","slug":"video-fira-de-microprojectes-alumnat-del-ptt-manresa","status":"publish","type":"post","link":"https:\/\/projectes.xtec.cat\/pfi\/general\/video-fira-de-microprojectes-alumnat-del-ptt-manresa\/","title":{"rendered":"V\u00eddeo Fira de\u00a0Microprojectes\u00a0alumnat del\u00a0PTT\u00a0Manresa"},"content":{"rendered":"<p>L&#8217;alumnat del\u00a0<span class=\"hiddenSpellError\">PTT<\/span> Manresa del perfil d&#8217;Auxiliar de Vendes, Oficina i Atenci\u00f3 al P\u00fablic van fer un v<strong>\u00eddeo amb l&#8217;aplicaci\u00f3 <span class=\"hiddenSpellError\">Capcut<\/span>, per mostrar a la Fira de\u00a0<span class=\"hiddenSpellError\">Microprojectes. <\/span><\/strong><\/p>\n<p>El Projecte conjunt amb l&#8217;alumnat del\u00a0<span class=\"hiddenSpellError\">PTT<\/span> de Fabricaci\u00f3 Mec\u00e0nica, que va tenir com a objectiu recaptar fons pel programa solidari de TV3 i Catalunya R\u00e0dio &#8220;La Marat\u00f3 de Tv3&#8221;.<\/p>\n<p><strong>\u00c9s un v\u00eddeo molt vist\u00f3s, no us el perdeu!!!<\/strong><\/p>\n<p>#pfiCAT #impulsFP #SomFP<\/p>\n<p><iframe loading=\"lazy\" src=\"\/\/www.youtube.com\/embed\/gJ8xx7knvdg\" width=\"560\" height=\"314\"><\/iframe><\/p>\n","protected":false},"excerpt":{"rendered":"<p>L&#8217;alumnat del\u00a0PTT Manresa del perfil d&#8217;Auxiliar de Vendes, Oficina i Atenci\u00f3 al P\u00fablic van fer un v\u00eddeo amb l&#8217;aplicaci\u00f3 Capcut, per mostrar a la Fira de\u00a0Microprojectes.<br \/>\nEl Projecte conjunt amb l&#8217;alumnat del\u00a0PTT de Fabricaci\u00f3 Mec\u00e0nica, que va tenir com a objectiu recaptar fons pel programa&hellip;  <a href=\"https:\/\/projectes.xtec.cat\/pfi\/general\/video-fira-de-microprojectes-alumnat-del-ptt-manresa\/\" title=\"Read V\u00eddeo Fira de\u00a0Microprojectes\u00a0alumnat del\u00a0PTT\u00a0Manresa\">Llegeix m\u00e9s\u00bb<\/a><\/p>\n","protected":false},"author":87,"featured_media":13625,"comment_status":"open","ping_status":"closed","sticky":false,"template":"","format":"standard","meta":{"_bbp_topic_count":0,"_bbp_reply_count":0,"_bbp_total_topic_count":0,"_bbp_total_reply_count":0,"_bbp_voice_count":0,"_bbp_anonymous_reply_count":0,"_bbp_topic_count_hidden":0,"_bbp_reply_count_hidden":0,"_bbp_forum_subforum_count":0,"footnotes":""},"categories":[1,382,29],"tags":[],"class_list":["post-13563","post","type-post","status-publish","format-standard","has-post-thumbnail","hentry","category-general","category-microprojectes","category-portada"],"post_mailing_queue_ids":[],"_links":{"self":[{"href":"https:\/\/projectes.xtec.cat\/pfi\/wp-json\/wp\/v2\/posts\/13563","targetHints":{"allow":["GET"]}}],"collection":[{"href":"https:\/\/projectes.xtec.cat\/pfi\/wp-json\/wp\/v2\/posts"}],"about":[{"href":"https:\/\/projectes.xtec.cat\/pfi\/wp-json\/wp\/v2\/types\/post"}],"author":[{"embeddable":true,"href":"https:\/\/projectes.xtec.cat\/pfi\/wp-json\/wp\/v2\/users\/87"}],"replies":[{"embeddable":true,"href":"https:\/\/projectes.xtec.cat\/pfi\/wp-json\/wp\/v2\/comments?post=13563"}],"version-history":[{"count":3,"href":"https:\/\/projectes.xtec.cat\/pfi\/wp-json\/wp\/v2\/posts\/13563\/revisions"}],"predecessor-version":[{"id":13627,"href":"https:\/\/projectes.xtec.cat\/pfi\/wp-json\/wp\/v2\/posts\/13563\/revisions\/13627"}],"wp:featuredmedia":[{"embeddable":true,"href":"https:\/\/projectes.xtec.cat\/pfi\/wp-json\/wp\/v2\/media\/13625"}],"wp:attachment":[{"href":"https:\/\/projectes.xtec.cat\/pfi\/wp-json\/wp\/v2\/media?parent=13563"}],"wp:term":[{"taxonomy":"category","embeddable":true,"href":"https:\/\/projectes.xtec.cat\/pfi\/wp-json\/wp\/v2\/categories?post=13563"},{"taxonomy":"post_tag","embeddable":true,"href":"https:\/\/projectes.xtec.cat\/pfi\/wp-json\/wp\/v2\/tags?post=13563"}],"curies":[{"name":"wp","href":"https:\/\/api.w.org\/{rel}","templated":true}]}}