{"id":13689,"date":"2022-02-18T10:26:33","date_gmt":"2022-02-18T09:26:33","guid":{"rendered":"https:\/\/projectes.xtec.cat\/pfi\/?p=13689"},"modified":"2022-03-15T15:47:09","modified_gmt":"2022-03-15T14:47:09","slug":"al-pfi-ptt-de-sant-celoni-hem-fet-historia-tot-guanyant-el-primer-premi-etica-i-ciencia-de-la-fundacio-grifols","status":"publish","type":"post","link":"https:\/\/projectes.xtec.cat\/pfi\/general\/al-pfi-ptt-de-sant-celoni-hem-fet-historia-tot-guanyant-el-primer-premi-etica-i-ciencia-de-la-fundacio-grifols\/","title":{"rendered":"Al PFI PTT de Sant Celoni hem fet hist\u00f2ria tot guanyant el primer premi \u00c8tica i ci\u00e8ncia de la Fundaci\u00f3 Grifols!"},"content":{"rendered":"<p>Al PFI PTT de Sant Celoni hem fet hist\u00f2ria i hem guanyat el primer premi nacional \u00c8tica i Ci\u00e8ncia de la Fundaci\u00f3 Grifols, on compet\u00edem amb nivells educatius superiors com Batxillerat i Cicles.<\/p>\n<p>El nostre Projecte Comunitari sobre la Resist\u00e8ncia Antimicrobiana, que fem fa dos cursos amb l&#8217;Institut de Salut Global de Barcelona, ha estat triat pel jurat com a guanyador pels membres del jurat per dos motius: el primer ha estat treballar la ci\u00e8ncia amb persones joves en situaci\u00f3 de frac\u00e0s escolar, el segon treballar conjuntament amb una entitat cient\u00edfica de prestigi internacional en el marc d&#8217;un projecte europeu, el SAFE, on el nostre alumnat, tot i ser el de nivell acad\u00e8mic inferior, va generar productes de difusi\u00f3 que han estat un \u00e8xit internacional en la Antibiotic Awareness Week, que va ser el novembre passat.<\/p>\n<p>El premi, dotat amb 5.000\u20ac, ens servir\u00e0 per adquirir materials i recursos que garanteixin la perviv\u00e8ncia del projecte, com exigeixen les seves bases, enguany, al tercer trimestre, quan fem el Projecte Integrat, iniciarem la tercera edici\u00f3 d&#8217;aquest projecte, amb la idea d&#8217;ampliar la difusi\u00f3 presencial a la comunitat, doncs \u00e9s la part que ens queda pendent d&#8217;explorar des de la pand\u00e8mia, aix\u00ed com la visita als laboratoris de l&#8217;ISGlobal.<\/p>\n<p>Quan vam iniciar aquest projecte vam apostar per fer de la ci\u00e8ncia i la salut un tema a l&#8217;abast del nostre alumnat, vam encetar un cam\u00ed d&#8217;investigaci\u00f3 i reflexi\u00f3 que ens va dur molt lluny, molt m\u00e9s enll\u00e0 d&#8217;un bl\u00edster d&#8217;antibi\u00f2tics sense reciclar que pren alg\u00fa que s&#8217;automedica; hem creat materials propis d&#8217;un aprenentatge servei que l&#8217;Institut de Salut Global podr\u00e0 compartir en el futur i, enguany, ens han convidat a formar part del grup europeu de treball sobre les resist\u00e8ncies antimicrobianes, no podem estar m\u00e9s felices.<\/p>\n<p>Esperem que aquest premi ens ajudi a lluitar contra l&#8217;estigma que pateix el nostre alumnat, que ens ajudi a que els nostres programes PFI es valorin com l&#8217;oportunitat real que s\u00f3n, per tal que tota la societat ens miri amb la mirada qualitativa i qualificadora del jurat del premi, doncs som i serem un cam\u00ed alternatiu digne i brillant.<\/p>\n<div style=\"width: 1232px;\" class=\"wp-video\"><!--[if lt IE 9]><script>document.createElement('video');<\/script><![endif]-->\n<video class=\"wp-video-shortcode\" id=\"video-13689-1\" width=\"1232\" height=\"720\" preload=\"metadata\" controls=\"controls\"><source type=\"video\/mp4\" src=\"https:\/\/projectes.xtec.cat\/pfi\/wp-content\/uploads\/usu1781\/2022\/02\/LLIURAMENT-PREMI-ETICA-I-CIENCIA-GRIFOLS.mp4?_=1\" \/><a href=\"https:\/\/projectes.xtec.cat\/pfi\/wp-content\/uploads\/usu1781\/2022\/02\/LLIURAMENT-PREMI-ETICA-I-CIENCIA-GRIFOLS.mp4\">https:\/\/projectes.xtec.cat\/pfi\/wp-content\/uploads\/usu1781\/2022\/02\/LLIURAMENT-PREMI-ETICA-I-CIENCIA-GRIFOLS.mp4<\/a><\/video><\/div>\n<p>&nbsp;<\/p>\n<p>#pfiCAT #impulsFP #SomFP<\/p>\n","protected":false},"excerpt":{"rendered":"<p>Al PFI PTT de Sant Celoni hem fet hist\u00f2ria i hem guanyat el primer premi nacional \u00c8tica i Ci\u00e8ncia de la Fundaci\u00f3 Grifols, on compet\u00edem amb nivells educatius superiors com Batxillerat i Cicles.<br \/>\nEl nostre Projecte Comunitari sobre la Resist\u00e8ncia Antimicrobiana, que fem fa dos cursos&hellip;  <a href=\"https:\/\/projectes.xtec.cat\/pfi\/general\/al-pfi-ptt-de-sant-celoni-hem-fet-historia-tot-guanyant-el-primer-premi-etica-i-ciencia-de-la-fundacio-grifols\/\" title=\"Read Al PFI PTT de Sant Celoni hem fet hist\u00f2ria tot guanyant el primer premi \u00c8tica i ci\u00e8ncia de la Fundaci\u00f3 Grifols!\">Llegeix m\u00e9s\u00bb<\/a><\/p>\n","protected":false},"author":164,"featured_media":13692,"comment_status":"open","ping_status":"closed","sticky":false,"template":"","format":"standard","meta":{"_bbp_topic_count":0,"_bbp_reply_count":0,"_bbp_total_topic_count":0,"_bbp_total_reply_count":0,"_bbp_voice_count":0,"_bbp_anonymous_reply_count":0,"_bbp_topic_count_hidden":0,"_bbp_reply_count_hidden":0,"_bbp_forum_subforum_count":0,"footnotes":""},"categories":[1,29],"tags":[],"class_list":["post-13689","post","type-post","status-publish","format-standard","has-post-thumbnail","hentry","category-general","category-portada"],"post_mailing_queue_ids":[],"_links":{"self":[{"href":"https:\/\/projectes.xtec.cat\/pfi\/wp-json\/wp\/v2\/posts\/13689","targetHints":{"allow":["GET"]}}],"collection":[{"href":"https:\/\/projectes.xtec.cat\/pfi\/wp-json\/wp\/v2\/posts"}],"about":[{"href":"https:\/\/projectes.xtec.cat\/pfi\/wp-json\/wp\/v2\/types\/post"}],"author":[{"embeddable":true,"href":"https:\/\/projectes.xtec.cat\/pfi\/wp-json\/wp\/v2\/users\/164"}],"replies":[{"embeddable":true,"href":"https:\/\/projectes.xtec.cat\/pfi\/wp-json\/wp\/v2\/comments?post=13689"}],"version-history":[{"count":3,"href":"https:\/\/projectes.xtec.cat\/pfi\/wp-json\/wp\/v2\/posts\/13689\/revisions"}],"predecessor-version":[{"id":13694,"href":"https:\/\/projectes.xtec.cat\/pfi\/wp-json\/wp\/v2\/posts\/13689\/revisions\/13694"}],"wp:featuredmedia":[{"embeddable":true,"href":"https:\/\/projectes.xtec.cat\/pfi\/wp-json\/wp\/v2\/media\/13692"}],"wp:attachment":[{"href":"https:\/\/projectes.xtec.cat\/pfi\/wp-json\/wp\/v2\/media?parent=13689"}],"wp:term":[{"taxonomy":"category","embeddable":true,"href":"https:\/\/projectes.xtec.cat\/pfi\/wp-json\/wp\/v2\/categories?post=13689"},{"taxonomy":"post_tag","embeddable":true,"href":"https:\/\/projectes.xtec.cat\/pfi\/wp-json\/wp\/v2\/tags?post=13689"}],"curies":[{"name":"wp","href":"https:\/\/api.w.org\/{rel}","templated":true}]}}